{"id":9810,"date":"2021-10-05T00:01:00","date_gmt":"2021-10-04T23:01:00","guid":{"rendered":"https:\/\/lasentinelle.dz\/?p=9810"},"modified":"2021-10-04T16:50:52","modified_gmt":"2021-10-04T15:50:52","slug":"les-banques-centrales-face-a-un-calcul-financier-imminent","status":"publish","type":"post","link":"https:\/\/lasentinelle.dz\/index.php\/2021\/10\/05\/les-banques-centrales-face-a-un-calcul-financier-imminent\/","title":{"rendered":"Les banques centrales face \u00e0 un calcul financier imminent"},"content":{"rendered":"\n<p><\/p>\n\n\n\n<p><strong>parWillem H. Buiter<\/strong><\/p>\n\n\n\n<figure class=\"wp-block-image size-full is-resized\"><img decoding=\"async\" src=\"https:\/\/lasentinelle.dz\/wp-content\/uploads\/2021\/10\/Willem-H.-Buiter-edited.jpeg\" alt=\"\" class=\"wp-image-9812\" width=\"184\" srcset=\"https:\/\/lasentinelle.dz\/wp-content\/uploads\/2021\/10\/Willem-H.-Buiter-edited.jpeg 413w, https:\/\/lasentinelle.dz\/wp-content\/uploads\/2021\/10\/Willem-H.-Buiter-edited-300x243.jpeg 300w\" sizes=\"(max-width: 413px) 100vw, 413px\" \/><figcaption><strong>Willem H. Buiter<\/strong> est professeur adjoint d&rsquo;affaires internationales et publiques \u00e0 l&rsquo;Universit\u00e9 Columbia.<\/figcaption><\/figure>\n\n\n\n<p>Dans les \u00e9conomies avanc\u00e9es, les banques centrales ont, \u00e0 juste titre, privil\u00e9gi\u00e9 le maintien de la stabilit\u00e9 financi\u00e8re et le soutien de l&rsquo;\u00e9conomie r\u00e9elle \u00e0 la lutte contre l&rsquo;inflation par des hausses de taux d&rsquo;int\u00e9r\u00eat. Mais avec la fragilit\u00e9 financi\u00e8re et l&rsquo;endettement public et priv\u00e9 \u00e0 des niveaux record, leur prochain grand test est \u00e0 venir.<\/p>\n\n\n\n<p>Depuis le d\u00e9but de 2020, les banques centrales des \u00e9conomies avanc\u00e9es ont d\u00fb choisir entre rechercher la stabilit\u00e9 financi\u00e8re, une inflation faible (g\u00e9n\u00e9ralement 2 %) ou une activit\u00e9 \u00e9conomique r\u00e9elle. Sans exception, ils ont opt\u00e9 pour la stabilit\u00e9 financi\u00e8re, suivie de l&rsquo;activit\u00e9 \u00e9conomique r\u00e9elle et l&rsquo;inflation en dernier.<\/p>\n\n\n\n<p>En cons\u00e9quence, la seule banque centrale des \u00e9conomies avanc\u00e9es \u00e0 augmenter les taux d&rsquo;int\u00e9r\u00eat depuis le d\u00e9but de la pand\u00e9mie de covid-19 a \u00e9t\u00e9 la Norges Bank, qui a relev\u00e9 son taux directeur de z\u00e9ro \u00e0 0,25% le 24 septembre. Une augmentation suppl\u00e9mentaire des taux est probable en d\u00e9cembre, et que son taux directeur pourrait atteindre 1,7% vers la fin de 2024, ce qui est simplement une preuve suppl\u00e9mentaire de l&rsquo;extr\u00eame r\u00e9ticence des d\u00e9cideurs mon\u00e9taires \u00e0 mettre en \u0153uvre le type d&rsquo;augmentation de taux n\u00e9cessaire pour atteindre une inflation de 2% \u00e0 cibler de mani\u00e8re coh\u00e9rente.<\/p>\n\n\n\n<p>La r\u00e9ticence massive des banques centrales \u00e0 poursuivre des politiques de taux d&rsquo;int\u00e9r\u00eat et de bilan compatibles avec leurs objectifs d&rsquo;inflation ne devrait pas surprendre. Dans les ann\u00e9es entre le d\u00e9but de la Grande Mod\u00e9ration au milieu des ann\u00e9es 80 et la crise financi\u00e8re de 2007-08, les banques centrales des \u00e9conomies avanc\u00e9es n&rsquo;ont pas accord\u00e9 suffisamment de poids \u00e0 la stabilit\u00e9 financi\u00e8re. Un bon exemple est la perte de tous les pouvoirs de surveillance et de r\u00e9glementation de la Banque d&rsquo;Angleterre lorsqu&rsquo;elle a obtenu son ind\u00e9pendance op\u00e9rationnelle en 1997.<\/p>\n\n\n\n<p>Le r\u00e9sultat a \u00e9t\u00e9 une catastrophe financi\u00e8re et un grave ralentissement cyclique. Confirmant la logique du \u00ab once bitten, twice shy\u00bb, les banques centrales ont ensuite r\u00e9pondu \u00e0 la pand\u00e9mie de covid-19 en poursuivant des politiques d&rsquo;une agressivit\u00e9 sans pr\u00e9c\u00e9dent pour assurer la stabilit\u00e9 financi\u00e8re. Mais ils sont \u00e9galement all\u00e9s bien au-del\u00e0 de ce qui \u00e9tait n\u00e9cessaire, mettant tout en \u0153uvre pour soutenir l&rsquo;activit\u00e9 \u00e9conomique r\u00e9elle.<\/p>\n\n\n\n<p>Les banques centrales ont eu raison de donner la priorit\u00e9 \u00e0 la stabilit\u00e9 financi\u00e8re par rapport \u00e0 la stabilit\u00e9 des prix, consid\u00e9rant que la stabilit\u00e9 financi\u00e8re elle-m\u00eame est une condition pr\u00e9alable \u00e0 la stabilit\u00e9 durable des prix (et pour l&rsquo;autre objectif de certaines banques centrales, le plein emploi). Le co\u00fbt \u00e9conomique et social d&rsquo;une crise financi\u00e8re, en particulier avec un effet de levier priv\u00e9 et public aussi \u00e9lev\u00e9 qu&rsquo;il l&rsquo;est aujourd&rsquo;hui, \u00e9clipserait le co\u00fbt d&rsquo;un d\u00e9passement persistant de l&rsquo;objectif d&rsquo;inflation. Evidemment, il faut \u00e9viter des taux d&rsquo;inflation tr\u00e8s \u00e9lev\u00e9s, car eux aussi peuvent devenir une source d&rsquo;instabilit\u00e9 financi\u00e8re ; mais si pr\u00e9venir une calamit\u00e9 financi\u00e8re n\u00e9cessite quelques ann\u00e9es d&rsquo;inflation \u00e9lev\u00e9e \u00e0 un chiffre, le prix en vaut la peine.<\/p>\n\n\n\n<p>J&rsquo;esp\u00e8re (et je m&rsquo;attends) \u00e0 ce que les banques centrales \u2013 notamment la R\u00e9serve f\u00e9d\u00e9rale am\u00e9ricaine \u2013 soient pr\u00eates \u00e0 r\u00e9agir de mani\u00e8re appropri\u00e9e si le gouvernement f\u00e9d\u00e9ral am\u00e9ricain d\u00e9passe son \u00ab plafond d&rsquo;endettement \u00bb le ou vers le 18 octobre. Une \u00e9tude r\u00e9cente de Mark Zandi de Moody&rsquo;s Analytics conclut qu\u2019un d\u00e9faut de paiement de la dette souveraine am\u00e9ricaine pourrait d\u00e9truire jusqu&rsquo;\u00e0 six millions d&#8217;emplois aux \u00c9tats-Unis et an\u00e9antir jusqu&rsquo;\u00e0 15 000 milliards de dollars de richesse priv\u00e9e am\u00e9ricaine. Cette estimation me para\u00eet optimiste. Si le d\u00e9faut souverain devait se prolonger, les co\u00fbts seraient probablement beaucoup plus \u00e9lev\u00e9s.<\/p>\n\n\n\n<p>Dans tous les cas, un d\u00e9faut souverain am\u00e9ricain aurait \u00e9galement un impact mondial dramatique et d\u00e9vastateur, affectant \u00e0 la fois les \u00e9conomies avanc\u00e9es et les march\u00e9s \u00e9mergents et en d\u00e9veloppement. La dette souveraine am\u00e9ricaine est largement d\u00e9tenue dans le monde et le dollar am\u00e9ricain reste la principale monnaie de r\u00e9serve mondiale.<\/p>\n\n\n\n<p>M\u00eame sans une blessure auto-inflig\u00e9e comme un \u00e9chec du Congr\u00e8s am\u00e9ricain \u00e0 relever ou \u00e0 suspendre le plafond de la dette, la fragilit\u00e9 financi\u00e8re est omnipr\u00e9sente de nos jours. Les bilans des m\u00e9nages, des entreprises, des finances et des administrations publiques ont atteint des niveaux records au cours de ce si\u00e8cle, rendant les quatre secteurs plus vuln\u00e9rables aux chocs financiers.<\/p>\n\n\n\n<p>Les banques centrales sont les seuls acteurs \u00e9conomiques capables de faire face aux crises de financement et de liquidit\u00e9 des march\u00e9s qui font d\u00e9sormais partie de la nouvelle normalit\u00e9. Il n&rsquo;y a pas assez de r\u00e9silience dans les bilans des banques non centrales pour faire face \u00e0 une vente au rabais d&rsquo;actifs en difficult\u00e9 ou \u00e0 une ru\u00e9e sur les banques commerciales ou d&rsquo;autres institutions financi\u00e8res d&rsquo;importance syst\u00e9mique qui d\u00e9tiennent des passifs liquides et des actifs illiquides. C&rsquo;est aussi vrai en Chine qu&rsquo;aux \u00c9tats-Unis, dans la zone euro, au Japon et au Royaume-Uni.<\/p>\n\n\n\n<p>La bulle immobili\u00e8re de la Chine \u2013 et la dette des m\u00e9nages qui en d\u00e9coule \u2013 est susceptible d&rsquo;imploser t\u00f4t ou tard. Le promoteur immobilier dangereusement endett\u00e9 Evergrande pourrait bien \u00eatre le catalyseur. Mais m\u00eame si les autorit\u00e9s chinoises parviennent \u00e0 emp\u00eacher un effondrement financier \u00e0 part enti\u00e8re, un effondrement \u00e9conomique profond et persistant serait in\u00e9vitable. Ajoutez \u00e0 cela une baisse marqu\u00e9e du taux de croissance potentiel de la Chine (en raison de la d\u00e9mographie et des politiques hostiles aux entreprises), et l&rsquo;\u00e9conomie mondiale aura perdu l&rsquo;un de ses moteurs.<\/p>\n\n\n\n<p>Dans les \u00e9conomies avanc\u00e9es (et dans de nombreux march\u00e9s \u00e9mergents), les actifs \u00e0 risque, notamment les actions et l&rsquo;immobilier, semblent \u00eatre mat\u00e9riellement sur\u00e9valu\u00e9s, malgr\u00e9 de r\u00e9centes corrections mineures. La seule fa\u00e7on d&rsquo;\u00e9viter cette conclusion est de croire que les taux d&rsquo;int\u00e9r\u00eat r\u00e9els \u00e0 long terme aujourd&rsquo;hui (qui sont n\u00e9gatifs dans de nombreux cas) sont proches de leurs valeurs fondamentales. Je soup\u00e7onne que le taux d&rsquo;int\u00e9r\u00eat s\u00fbr r\u00e9el \u00e0 long terme et les primes de risque assorties sont artificiellement d\u00e9prim\u00e9s par des croyances d\u00e9form\u00e9es et des bulles persistantes, respectivement. Si tel est le cas, les valorisations actuelles des actifs \u00e0 risque sont totalement \u00e9loign\u00e9es de la r\u00e9alit\u00e9.<\/p>\n\n\n\n<p>Chaque fois que les in\u00e9vitables corrections de prix se mat\u00e9rialiseront, les banques centrales, les superviseurs et les r\u00e9gulateurs devront travailler en \u00e9troite collaboration avec les minist\u00e8res des Finances pour limiter les dommages caus\u00e9s \u00e0 l&rsquo;\u00e9conomie r\u00e9elle. Un d\u00e9sendettement important des quatre secteurs (m\u00e9nages, entreprises non financi\u00e8res, institutions financi\u00e8res et gouvernements) sera n\u00e9cessaire pour r\u00e9duire la vuln\u00e9rabilit\u00e9 financi\u00e8re et renforcer la r\u00e9silience. Une restructuration ordonn\u00e9e de la dette, y compris la restructuration de la dette souveraine dans plusieurs pays en d\u00e9veloppement tr\u00e8s vuln\u00e9rables, devra faire partie du r\u00e9tablissement attendu de la viabilit\u00e9 financi\u00e8re.<\/p>\n\n\n\n<p>Les banques centrales, agissant en tant que pr\u00eateurs en dernier ressort (LLR) et teneurs de march\u00e9 en dernier ressort (MMLR), seront \u00e0 nouveau les chevilles ouvri\u00e8res de ce qui sera certainement une s\u00e9quence d&rsquo;\u00e9v\u00e9nements chaotique. Leurs contributions \u00e0 la stabilit\u00e9 financi\u00e8re mondiale n&rsquo;ont jamais \u00e9t\u00e9 aussi importantes. Les objectifs de 2 % d&rsquo;inflation et d&#8217;emploi maximum peuvent attendre, mais pas la stabilit\u00e9 financi\u00e8re. Les op\u00e9rations de LLR et de MMLR \u00e9tant men\u00e9es dans la zone cr\u00e9pusculaire entre l&rsquo;illiquidit\u00e9 et l&rsquo;insolvabilit\u00e9, ces activit\u00e9s de banque centrale ont des caract\u00e9ristiques quasi-budg\u00e9taires marqu\u00e9es. Ainsi, la crise qui attend maintenant dans les coulisses va in\u00e9vitablement diminuer l&rsquo;ind\u00e9pendance de la banque centrale.<\/p>\n\n\n\n<p><strong>Copyright: Project Syndicate, 2021.<\/strong><strong>\u2028<\/strong><strong><\/strong><\/p>\n\n\n\n<p><strong>www.project-syndicate.org<\/strong><\/p>\n\n\n\n<p><\/p>\n","protected":false},"excerpt":{"rendered":"<p>parWillem H. Buiter Dans les \u00e9conomies avanc\u00e9es, les banques centrales ont, \u00e0 juste titre, privil\u00e9gi\u00e9 le maintien de la stabilit\u00e9<\/p>\n","protected":false},"author":3,"featured_media":9813,"comment_status":"open","ping_status":"closed","sticky":false,"template":"","format":"standard","meta":{"colormag_page_container_layout":"default_layout","colormag_page_sidebar_layout":"default_layout","om_disable_all_campaigns":false,"_monsterinsights_skip_tracking":false,"_monsterinsights_sitenote_active":false,"_monsterinsights_sitenote_note":"","_monsterinsights_sitenote_category":0,"footnotes":"","_wpscppro_dont_share_socialmedia":false,"_wpscppro_custom_social_share_image":0,"_facebook_share_type":"","_twitter_share_type":"","_linkedin_share_type":"","_pinterest_share_type":"","_linkedin_share_type_page":"","_instagram_share_type":"","_medium_share_type":"","_threads_share_type":"","_google_business_share_type":"","_selected_social_profile":[],"_wpsp_enable_custom_social_template":false,"_wpsp_social_scheduling":{"enabled":false,"datetime":null,"platforms":[],"status":"template_only","dateOption":"today","timeOption":"now","customDays":"","customHours":"","customDate":"","customTime":"","schedulingType":"absolute"},"_wpsp_active_default_template":true},"categories":[38],"tags":[],"class_list":["post-9810","post","type-post","status-publish","format-standard","has-post-thumbnail","hentry","category-debats"],"aioseo_notices":[],"yoast_head":"<!-- This site is optimized with the Yoast SEO plugin v27.5 - https:\/\/yoast.com\/product\/yoast-seo-wordpress\/ -->\n<title>Les banques centrales face \u00e0 un calcul financier imminent - La Sentinelle<\/title>\n<meta name=\"robots\" content=\"index, follow, max-snippet:-1, max-image-preview:large, max-video-preview:-1\" \/>\n<link rel=\"canonical\" href=\"https:\/\/lasentinelle.dz\/index.php\/2021\/10\/05\/les-banques-centrales-face-a-un-calcul-financier-imminent\/\" \/>\n<meta property=\"og:locale\" content=\"fr_FR\" \/>\n<meta property=\"og:type\" content=\"article\" \/>\n<meta property=\"og:title\" content=\"Les banques centrales face \u00e0 un calcul financier imminent - La Sentinelle\" \/>\n<meta property=\"og:description\" content=\"parWillem H. Buiter Dans les \u00e9conomies avanc\u00e9es, les banques centrales ont, \u00e0 juste titre, privil\u00e9gi\u00e9 le maintien de la stabilit\u00e9\" \/>\n<meta property=\"og:url\" content=\"https:\/\/lasentinelle.dz\/index.php\/2021\/10\/05\/les-banques-centrales-face-a-un-calcul-financier-imminent\/\" \/>\n<meta property=\"og:site_name\" content=\"La Sentinelle\" \/>\n<meta property=\"article:publisher\" content=\"https:\/\/www.facebook.com\/La-Sentinelle-104059864394773\" \/>\n<meta property=\"article:published_time\" content=\"2021-10-04T23:01:00+00:00\" \/>\n<meta property=\"og:image\" content=\"https:\/\/lasentinelle.dz\/wp-content\/uploads\/2021\/10\/croissance.gif\" \/>\n\t<meta property=\"og:image:width\" content=\"680\" \/>\n\t<meta property=\"og:image:height\" content=\"453\" \/>\n\t<meta property=\"og:image:type\" content=\"image\/gif\" \/>\n<meta name=\"author\" content=\"La Sentinelle\" \/>\n<meta name=\"twitter:card\" content=\"summary_large_image\" \/>\n<meta name=\"twitter:label1\" content=\"\u00c9crit par\" \/>\n\t<meta name=\"twitter:data1\" content=\"La Sentinelle\" \/>\n\t<meta name=\"twitter:label2\" content=\"Dur\u00e9e de lecture estim\u00e9e\" \/>\n\t<meta name=\"twitter:data2\" content=\"6 minutes\" \/>\n<script type=\"application\/ld+json\" class=\"yoast-schema-graph\">{\"@context\":\"https:\\\/\\\/schema.org\",\"@graph\":[{\"@type\":\"Article\",\"@id\":\"https:\\\/\\\/lasentinelle.dz\\\/index.php\\\/2021\\\/10\\\/05\\\/les-banques-centrales-face-a-un-calcul-financier-imminent\\\/#article\",\"isPartOf\":{\"@id\":\"https:\\\/\\\/lasentinelle.dz\\\/index.php\\\/2021\\\/10\\\/05\\\/les-banques-centrales-face-a-un-calcul-financier-imminent\\\/\"},\"author\":{\"name\":\"La Sentinelle\",\"@id\":\"https:\\\/\\\/lasentinelle.dz\\\/#\\\/schema\\\/person\\\/d865044e22e70a75174ce8bcad3acfb3\"},\"headline\":\"Les banques centrales face \u00e0 un calcul financier imminent\",\"datePublished\":\"2021-10-04T23:01:00+00:00\",\"mainEntityOfPage\":{\"@id\":\"https:\\\/\\\/lasentinelle.dz\\\/index.php\\\/2021\\\/10\\\/05\\\/les-banques-centrales-face-a-un-calcul-financier-imminent\\\/\"},\"wordCount\":1394,\"commentCount\":0,\"publisher\":{\"@id\":\"https:\\\/\\\/lasentinelle.dz\\\/#organization\"},\"image\":{\"@id\":\"https:\\\/\\\/lasentinelle.dz\\\/index.php\\\/2021\\\/10\\\/05\\\/les-banques-centrales-face-a-un-calcul-financier-imminent\\\/#primaryimage\"},\"thumbnailUrl\":\"https:\\\/\\\/lasentinelle.dz\\\/wp-content\\\/uploads\\\/2021\\\/10\\\/croissance.gif\",\"articleSection\":[\"D\u00e9bats\"],\"inLanguage\":\"fr-FR\",\"potentialAction\":[{\"@type\":\"CommentAction\",\"name\":\"Comment\",\"target\":[\"https:\\\/\\\/lasentinelle.dz\\\/index.php\\\/2021\\\/10\\\/05\\\/les-banques-centrales-face-a-un-calcul-financier-imminent\\\/#respond\"]}]},{\"@type\":\"WebPage\",\"@id\":\"https:\\\/\\\/lasentinelle.dz\\\/index.php\\\/2021\\\/10\\\/05\\\/les-banques-centrales-face-a-un-calcul-financier-imminent\\\/\",\"url\":\"https:\\\/\\\/lasentinelle.dz\\\/index.php\\\/2021\\\/10\\\/05\\\/les-banques-centrales-face-a-un-calcul-financier-imminent\\\/\",\"name\":\"Les banques centrales face \u00e0 un calcul financier imminent - La Sentinelle\",\"isPartOf\":{\"@id\":\"https:\\\/\\\/lasentinelle.dz\\\/#website\"},\"primaryImageOfPage\":{\"@id\":\"https:\\\/\\\/lasentinelle.dz\\\/index.php\\\/2021\\\/10\\\/05\\\/les-banques-centrales-face-a-un-calcul-financier-imminent\\\/#primaryimage\"},\"image\":{\"@id\":\"https:\\\/\\\/lasentinelle.dz\\\/index.php\\\/2021\\\/10\\\/05\\\/les-banques-centrales-face-a-un-calcul-financier-imminent\\\/#primaryimage\"},\"thumbnailUrl\":\"https:\\\/\\\/lasentinelle.dz\\\/wp-content\\\/uploads\\\/2021\\\/10\\\/croissance.gif\",\"datePublished\":\"2021-10-04T23:01:00+00:00\",\"breadcrumb\":{\"@id\":\"https:\\\/\\\/lasentinelle.dz\\\/index.php\\\/2021\\\/10\\\/05\\\/les-banques-centrales-face-a-un-calcul-financier-imminent\\\/#breadcrumb\"},\"inLanguage\":\"fr-FR\",\"potentialAction\":[{\"@type\":\"ReadAction\",\"target\":[\"https:\\\/\\\/lasentinelle.dz\\\/index.php\\\/2021\\\/10\\\/05\\\/les-banques-centrales-face-a-un-calcul-financier-imminent\\\/\"]}]},{\"@type\":\"ImageObject\",\"inLanguage\":\"fr-FR\",\"@id\":\"https:\\\/\\\/lasentinelle.dz\\\/index.php\\\/2021\\\/10\\\/05\\\/les-banques-centrales-face-a-un-calcul-financier-imminent\\\/#primaryimage\",\"url\":\"https:\\\/\\\/lasentinelle.dz\\\/wp-content\\\/uploads\\\/2021\\\/10\\\/croissance.gif\",\"contentUrl\":\"https:\\\/\\\/lasentinelle.dz\\\/wp-content\\\/uploads\\\/2021\\\/10\\\/croissance.gif\",\"width\":680,\"height\":453},{\"@type\":\"BreadcrumbList\",\"@id\":\"https:\\\/\\\/lasentinelle.dz\\\/index.php\\\/2021\\\/10\\\/05\\\/les-banques-centrales-face-a-un-calcul-financier-imminent\\\/#breadcrumb\",\"itemListElement\":[{\"@type\":\"ListItem\",\"position\":1,\"name\":\"Accueil\",\"item\":\"https:\\\/\\\/lasentinelle.dz\\\/\"},{\"@type\":\"ListItem\",\"position\":2,\"name\":\"Les banques centrales face \u00e0 un calcul financier imminent\"}]},{\"@type\":\"WebSite\",\"@id\":\"https:\\\/\\\/lasentinelle.dz\\\/#website\",\"url\":\"https:\\\/\\\/lasentinelle.dz\\\/\",\"name\":\"La Sentinelle\",\"description\":\"Quotidien national d&#039;information\",\"publisher\":{\"@id\":\"https:\\\/\\\/lasentinelle.dz\\\/#organization\"},\"potentialAction\":[{\"@type\":\"SearchAction\",\"target\":{\"@type\":\"EntryPoint\",\"urlTemplate\":\"https:\\\/\\\/lasentinelle.dz\\\/?s={search_term_string}\"},\"query-input\":{\"@type\":\"PropertyValueSpecification\",\"valueRequired\":true,\"valueName\":\"search_term_string\"}}],\"inLanguage\":\"fr-FR\"},{\"@type\":\"Organization\",\"@id\":\"https:\\\/\\\/lasentinelle.dz\\\/#organization\",\"name\":\"Quotidien La Sentinelle\",\"url\":\"https:\\\/\\\/lasentinelle.dz\\\/\",\"logo\":{\"@type\":\"ImageObject\",\"inLanguage\":\"fr-FR\",\"@id\":\"https:\\\/\\\/lasentinelle.dz\\\/#\\\/schema\\\/logo\\\/image\\\/\",\"url\":\"https:\\\/\\\/lasentinelle.dz\\\/wp-content\\\/uploads\\\/2021\\\/09\\\/logo-sentinelleSLOGAN-1.png\",\"contentUrl\":\"https:\\\/\\\/lasentinelle.dz\\\/wp-content\\\/uploads\\\/2021\\\/09\\\/logo-sentinelleSLOGAN-1.png\",\"width\":615,\"height\":142,\"caption\":\"Quotidien La Sentinelle\"},\"image\":{\"@id\":\"https:\\\/\\\/lasentinelle.dz\\\/#\\\/schema\\\/logo\\\/image\\\/\"},\"sameAs\":[\"https:\\\/\\\/www.facebook.com\\\/La-Sentinelle-104059864394773\"]},{\"@type\":\"Person\",\"@id\":\"https:\\\/\\\/lasentinelle.dz\\\/#\\\/schema\\\/person\\\/d865044e22e70a75174ce8bcad3acfb3\",\"name\":\"La Sentinelle\",\"image\":{\"@type\":\"ImageObject\",\"inLanguage\":\"fr-FR\",\"@id\":\"https:\\\/\\\/secure.gravatar.com\\\/avatar\\\/57de8e5d4b15d43fb361a71fbb36338450fe67865b528a43dd10ef7c51a20392?s=96&d=mm&r=g\",\"url\":\"https:\\\/\\\/secure.gravatar.com\\\/avatar\\\/57de8e5d4b15d43fb361a71fbb36338450fe67865b528a43dd10ef7c51a20392?s=96&d=mm&r=g\",\"contentUrl\":\"https:\\\/\\\/secure.gravatar.com\\\/avatar\\\/57de8e5d4b15d43fb361a71fbb36338450fe67865b528a43dd10ef7c51a20392?s=96&d=mm&r=g\",\"caption\":\"La Sentinelle\"},\"sameAs\":[\"http:\\\/\\\/www.lasentinelle.dz\"],\"url\":\"https:\\\/\\\/lasentinelle.dz\\\/author\\\/redaction\\\/\"}]}<\/script>\n<!-- \/ Yoast SEO plugin. -->","yoast_head_json":{"title":"Les banques centrales face \u00e0 un calcul financier imminent - La Sentinelle","robots":{"index":"index","follow":"follow","max-snippet":"max-snippet:-1","max-image-preview":"max-image-preview:large","max-video-preview":"max-video-preview:-1"},"canonical":"https:\/\/lasentinelle.dz\/index.php\/2021\/10\/05\/les-banques-centrales-face-a-un-calcul-financier-imminent\/","og_locale":"fr_FR","og_type":"article","og_title":"Les banques centrales face \u00e0 un calcul financier imminent - La Sentinelle","og_description":"parWillem H. Buiter Dans les \u00e9conomies avanc\u00e9es, les banques centrales ont, \u00e0 juste titre, privil\u00e9gi\u00e9 le maintien de la stabilit\u00e9","og_url":"https:\/\/lasentinelle.dz\/index.php\/2021\/10\/05\/les-banques-centrales-face-a-un-calcul-financier-imminent\/","og_site_name":"La Sentinelle","article_publisher":"https:\/\/www.facebook.com\/La-Sentinelle-104059864394773","article_published_time":"2021-10-04T23:01:00+00:00","og_image":[{"width":680,"height":453,"url":"https:\/\/lasentinelle.dz\/wp-content\/uploads\/2021\/10\/croissance.gif","type":"image\/gif"}],"author":"La Sentinelle","twitter_card":"summary_large_image","twitter_misc":{"\u00c9crit par":"La Sentinelle","Dur\u00e9e de lecture estim\u00e9e":"6 minutes"},"schema":{"@context":"https:\/\/schema.org","@graph":[{"@type":"Article","@id":"https:\/\/lasentinelle.dz\/index.php\/2021\/10\/05\/les-banques-centrales-face-a-un-calcul-financier-imminent\/#article","isPartOf":{"@id":"https:\/\/lasentinelle.dz\/index.php\/2021\/10\/05\/les-banques-centrales-face-a-un-calcul-financier-imminent\/"},"author":{"name":"La Sentinelle","@id":"https:\/\/lasentinelle.dz\/#\/schema\/person\/d865044e22e70a75174ce8bcad3acfb3"},"headline":"Les banques centrales face \u00e0 un calcul financier imminent","datePublished":"2021-10-04T23:01:00+00:00","mainEntityOfPage":{"@id":"https:\/\/lasentinelle.dz\/index.php\/2021\/10\/05\/les-banques-centrales-face-a-un-calcul-financier-imminent\/"},"wordCount":1394,"commentCount":0,"publisher":{"@id":"https:\/\/lasentinelle.dz\/#organization"},"image":{"@id":"https:\/\/lasentinelle.dz\/index.php\/2021\/10\/05\/les-banques-centrales-face-a-un-calcul-financier-imminent\/#primaryimage"},"thumbnailUrl":"https:\/\/lasentinelle.dz\/wp-content\/uploads\/2021\/10\/croissance.gif","articleSection":["D\u00e9bats"],"inLanguage":"fr-FR","potentialAction":[{"@type":"CommentAction","name":"Comment","target":["https:\/\/lasentinelle.dz\/index.php\/2021\/10\/05\/les-banques-centrales-face-a-un-calcul-financier-imminent\/#respond"]}]},{"@type":"WebPage","@id":"https:\/\/lasentinelle.dz\/index.php\/2021\/10\/05\/les-banques-centrales-face-a-un-calcul-financier-imminent\/","url":"https:\/\/lasentinelle.dz\/index.php\/2021\/10\/05\/les-banques-centrales-face-a-un-calcul-financier-imminent\/","name":"Les banques centrales face \u00e0 un calcul financier imminent - La Sentinelle","isPartOf":{"@id":"https:\/\/lasentinelle.dz\/#website"},"primaryImageOfPage":{"@id":"https:\/\/lasentinelle.dz\/index.php\/2021\/10\/05\/les-banques-centrales-face-a-un-calcul-financier-imminent\/#primaryimage"},"image":{"@id":"https:\/\/lasentinelle.dz\/index.php\/2021\/10\/05\/les-banques-centrales-face-a-un-calcul-financier-imminent\/#primaryimage"},"thumbnailUrl":"https:\/\/lasentinelle.dz\/wp-content\/uploads\/2021\/10\/croissance.gif","datePublished":"2021-10-04T23:01:00+00:00","breadcrumb":{"@id":"https:\/\/lasentinelle.dz\/index.php\/2021\/10\/05\/les-banques-centrales-face-a-un-calcul-financier-imminent\/#breadcrumb"},"inLanguage":"fr-FR","potentialAction":[{"@type":"ReadAction","target":["https:\/\/lasentinelle.dz\/index.php\/2021\/10\/05\/les-banques-centrales-face-a-un-calcul-financier-imminent\/"]}]},{"@type":"ImageObject","inLanguage":"fr-FR","@id":"https:\/\/lasentinelle.dz\/index.php\/2021\/10\/05\/les-banques-centrales-face-a-un-calcul-financier-imminent\/#primaryimage","url":"https:\/\/lasentinelle.dz\/wp-content\/uploads\/2021\/10\/croissance.gif","contentUrl":"https:\/\/lasentinelle.dz\/wp-content\/uploads\/2021\/10\/croissance.gif","width":680,"height":453},{"@type":"BreadcrumbList","@id":"https:\/\/lasentinelle.dz\/index.php\/2021\/10\/05\/les-banques-centrales-face-a-un-calcul-financier-imminent\/#breadcrumb","itemListElement":[{"@type":"ListItem","position":1,"name":"Accueil","item":"https:\/\/lasentinelle.dz\/"},{"@type":"ListItem","position":2,"name":"Les banques centrales face \u00e0 un calcul financier imminent"}]},{"@type":"WebSite","@id":"https:\/\/lasentinelle.dz\/#website","url":"https:\/\/lasentinelle.dz\/","name":"La Sentinelle","description":"Quotidien national d&#039;information","publisher":{"@id":"https:\/\/lasentinelle.dz\/#organization"},"potentialAction":[{"@type":"SearchAction","target":{"@type":"EntryPoint","urlTemplate":"https:\/\/lasentinelle.dz\/?s={search_term_string}"},"query-input":{"@type":"PropertyValueSpecification","valueRequired":true,"valueName":"search_term_string"}}],"inLanguage":"fr-FR"},{"@type":"Organization","@id":"https:\/\/lasentinelle.dz\/#organization","name":"Quotidien La Sentinelle","url":"https:\/\/lasentinelle.dz\/","logo":{"@type":"ImageObject","inLanguage":"fr-FR","@id":"https:\/\/lasentinelle.dz\/#\/schema\/logo\/image\/","url":"https:\/\/lasentinelle.dz\/wp-content\/uploads\/2021\/09\/logo-sentinelleSLOGAN-1.png","contentUrl":"https:\/\/lasentinelle.dz\/wp-content\/uploads\/2021\/09\/logo-sentinelleSLOGAN-1.png","width":615,"height":142,"caption":"Quotidien La Sentinelle"},"image":{"@id":"https:\/\/lasentinelle.dz\/#\/schema\/logo\/image\/"},"sameAs":["https:\/\/www.facebook.com\/La-Sentinelle-104059864394773"]},{"@type":"Person","@id":"https:\/\/lasentinelle.dz\/#\/schema\/person\/d865044e22e70a75174ce8bcad3acfb3","name":"La Sentinelle","image":{"@type":"ImageObject","inLanguage":"fr-FR","@id":"https:\/\/secure.gravatar.com\/avatar\/57de8e5d4b15d43fb361a71fbb36338450fe67865b528a43dd10ef7c51a20392?s=96&d=mm&r=g","url":"https:\/\/secure.gravatar.com\/avatar\/57de8e5d4b15d43fb361a71fbb36338450fe67865b528a43dd10ef7c51a20392?s=96&d=mm&r=g","contentUrl":"https:\/\/secure.gravatar.com\/avatar\/57de8e5d4b15d43fb361a71fbb36338450fe67865b528a43dd10ef7c51a20392?s=96&d=mm&r=g","caption":"La Sentinelle"},"sameAs":["http:\/\/www.lasentinelle.dz"],"url":"https:\/\/lasentinelle.dz\/author\/redaction\/"}]}},"_links":{"self":[{"href":"https:\/\/lasentinelle.dz\/index.php\/wp-json\/wp\/v2\/posts\/9810","targetHints":{"allow":["GET"]}}],"collection":[{"href":"https:\/\/lasentinelle.dz\/index.php\/wp-json\/wp\/v2\/posts"}],"about":[{"href":"https:\/\/lasentinelle.dz\/index.php\/wp-json\/wp\/v2\/types\/post"}],"author":[{"embeddable":true,"href":"https:\/\/lasentinelle.dz\/index.php\/wp-json\/wp\/v2\/users\/3"}],"replies":[{"embeddable":true,"href":"https:\/\/lasentinelle.dz\/index.php\/wp-json\/wp\/v2\/comments?post=9810"}],"version-history":[{"count":1,"href":"https:\/\/lasentinelle.dz\/index.php\/wp-json\/wp\/v2\/posts\/9810\/revisions"}],"predecessor-version":[{"id":9814,"href":"https:\/\/lasentinelle.dz\/index.php\/wp-json\/wp\/v2\/posts\/9810\/revisions\/9814"}],"wp:featuredmedia":[{"embeddable":true,"href":"https:\/\/lasentinelle.dz\/index.php\/wp-json\/wp\/v2\/media\/9813"}],"wp:attachment":[{"href":"https:\/\/lasentinelle.dz\/index.php\/wp-json\/wp\/v2\/media?parent=9810"}],"wp:term":[{"taxonomy":"category","embeddable":true,"href":"https:\/\/lasentinelle.dz\/index.php\/wp-json\/wp\/v2\/categories?post=9810"},{"taxonomy":"post_tag","embeddable":true,"href":"https:\/\/lasentinelle.dz\/index.php\/wp-json\/wp\/v2\/tags?post=9810"}],"curies":[{"name":"wp","href":"https:\/\/api.w.org\/{rel}","templated":true}]}}