{"id":9852,"date":"2021-10-05T00:05:00","date_gmt":"2021-10-04T23:05:00","guid":{"rendered":"https:\/\/lasentinelle.dz\/?p=9852"},"modified":"2021-10-04T19:18:18","modified_gmt":"2021-10-04T18:18:18","slug":"revision-de-la-grille-des-salaires-de-la-fonction-publique-vers-une-hausse-de-50-du-point-indiciaire","status":"publish","type":"post","link":"https:\/\/lasentinelle.dz\/index.php\/2021\/10\/05\/revision-de-la-grille-des-salaires-de-la-fonction-publique-vers-une-hausse-de-50-du-point-indiciaire\/","title":{"rendered":"R\u00e9vision de la grille des salaires de la fonction publique : Vers une hausse de 50% du point indiciaire"},"content":{"rendered":"\n<p>Le projet de loi de finances pour 2022 doit formaliser les mesures destin\u00e9es \u00e0 am\u00e9liorer le pouvoir d\u2019achat des m\u00e9nages alg\u00e9riens, notamment la baisse de l\u2019IRG, mais aussi et surtout l\u2019augmentation du point indiciaire qui doit permettre la hausse des salaires dans la fonction publique. On \u00e9voque ainsi une augmentation de 50% du point indiciaire.<\/p>\n\n\n\n<p>Le Conseil des ministres a examin\u00e9 dimanche l\u2019avant-projet de la loi de finances (APLF) 2022, pr\u00e9sent\u00e9 par le Premier ministre, ministre des Finances, A\u00efmene Benabderrahmane. Ce projet de loi qui sera soumis, selon nos sources, la semaine prochaine aux deux chambres du parlement, a pr\u00e9vu notamment une am\u00e9lioration des indicateurs de la performance de l&rsquo;\u00e9conomie nationale \u00e0 la faveur des r\u00e9formes op\u00e9r\u00e9es et des mesures incitatives prises, soulignant la n\u00e9cessit\u00e9 de prendre toutes les dispositions pour pr\u00e9server le pouvoir d&rsquo;achat des citoyens. A ce titre, il a pr\u00e9vu une r\u00e9duction de l&rsquo;imp\u00f4t sur le revenu global (IRG) et une hausse du point indiciaire dans le calcul des salaires des fonctionnaires de la Fonction publique. Ce point indiciaire fix\u00e9, actuellement, \u00e0 45 DA devrait connaitre, selon nos sources, une augmentation de plus de 50% pour atteindre 80 DA. Ce qui impliquera, selon la m\u00eame source, une r\u00e9vision de la grille des salaires du personnel de l\u2019administration publique et ceux des diff\u00e9rents services publics telle qu\u2019annonc\u00e9e par le Premier ministre lors de la pr\u00e9sentation du plan d\u2019action du gouvernement au parlement. Une augmentation qui sera calcul\u00e9, d\u00e9sormais, sur la base d\u2019un point indiciaire de 80 DA et qui variera d\u2019un fonctionnaire \u00e0 un autre suivant sa r\u00e9mun\u00e9ration et son grade actuel.<\/p>\n\n\n\n<p>Une mesure destin\u00e9e \u00e0 r\u00e9pondre aux revendications des syndicats, qu\u2019ils soient autonomes ou affili\u00e9s \u00e0 l\u2019Union g\u00e9n\u00e9rale des travailleurs alg\u00e9riens, sans pour autant mettre en p\u00e9ril les \u00e9quilibres budg\u00e9taires.<\/p>\n\n\n\n<p>Il est utile de rappeler dans ce contexte que les syndicats autonomes \u00e0 l\u2019image du Snapap de la Fonction publique revendiquent une hausse de 100% du point indiciaire qu\u2019ils veulent porter \u00e0 90 DA.<\/p>\n\n\n\n<p>Pour sa part, l\u2019Union g\u00e9n\u00e9rale des travailleurs alg\u00e9riens (UGTA) a r\u00e9clam\u00e9, selon nos sources, une hausse de 150% du point indiciaire soit 200 DA. Ce qui semble, selon les sp\u00e9cialistes, difficile \u00e0 satisfaire si l\u2019on tient compte de la conjoncture \u00e9conomique actuelle, caract\u00e9ris\u00e9e par une diminution du niveau des r\u00e9serves de change du pays et la persistance des effets de la pand\u00e9mie du Covid-19 dont le poids a \u00e9t\u00e9 support\u00e9 essentiellement par le budget de l\u2019Etat. Il s\u2019agit aussi de prendre en compte l\u2019impact de telles mesures sur l\u2019inflation. Il serait \u00e9galement utile de s\u2019interroger sur le risque d\u2019effet d\u2019entrainement de telles mesures sur le secteur \u00e9conomique, dans la mesure o\u00f9 des n\u00e9gociations sur la grille des salaires ont \u00e9t\u00e9 engag\u00e9es dans certaines entreprises publiques \u00e9conomiques, comme c\u2019est le cas \u00e0 la SNTF.<\/p>\n\n\n\n<p>Mais, l\u2019annonce de ces nouvelles mesures intervient au moment ou plusieurs syndicats autonomes ont r\u00e9clam\u00e9 au gouvernement \u00abl\u2019adoption d\u2019actions fortes pour faire face \u00e0 la d\u00e9gradation du pouvoir d\u2019achat du citoyen suite \u00e0 la hausse des prix alimentaires et des biens de consommation sur le march\u00e9 national\u00bb. Aussi, ces mesures vont engendrer une hausse des salaires des fonctionnaires de la fonction publique avec un effectif global de pr\u00e8s de 2 millions de salari\u00e9s, qui demeure \u00able parent pauvre de la politique salariale de l\u2019Etat\u00bb. Par ailleurs, ces mesures sont initi\u00e9es dans un contexte de reprise progressive de l\u2019activit\u00e9 \u00e9conomique avec un prix du baril du p\u00e9trole de 80 dollars et la stabilisation de la situation sanitaire et \u00e9pid\u00e9miologique du pays.<\/p>\n\n\n\n<p><strong>Fai\u00e7al Bedjaoui<\/strong><\/p>\n","protected":false},"excerpt":{"rendered":"<p>Le projet de loi de finances pour 2022 doit formaliser les mesures destin\u00e9es \u00e0 am\u00e9liorer le pouvoir d\u2019achat des m\u00e9nages<\/p>\n","protected":false},"author":3,"featured_media":9890,"comment_status":"open","ping_status":"closed","sticky":false,"template":"","format":"standard","meta":{"colormag_page_container_layout":"default_layout","colormag_page_sidebar_layout":"default_layout","om_disable_all_campaigns":false,"_monsterinsights_skip_tracking":false,"_monsterinsights_sitenote_active":false,"_monsterinsights_sitenote_note":"","_monsterinsights_sitenote_category":0,"footnotes":"","_wpscppro_dont_share_socialmedia":false,"_wpscppro_custom_social_share_image":0,"_facebook_share_type":"","_twitter_share_type":"","_linkedin_share_type":"","_pinterest_share_type":"","_linkedin_share_type_page":"","_instagram_share_type":"","_medium_share_type":"","_threads_share_type":"","_google_business_share_type":"","_selected_social_profile":[],"_wpsp_enable_custom_social_template":false,"_wpsp_social_scheduling":{"enabled":false,"datetime":null,"platforms":[],"status":"template_only","dateOption":"today","timeOption":"now","customDays":"","customHours":"","customDate":"","customTime":"","schedulingType":"absolute"},"_wpsp_active_default_template":true},"categories":[52,27],"tags":[],"class_list":["post-9852","post","type-post","status-publish","format-standard","has-post-thumbnail","hentry","category-a-la-une","category-actualite"],"aioseo_notices":[],"yoast_head":"<!-- This site is optimized with the Yoast SEO plugin v27.5 - https:\/\/yoast.com\/product\/yoast-seo-wordpress\/ -->\n<title>R\u00e9vision de la grille des salaires de la fonction publique : Vers une hausse de 50% du point indiciaire - La Sentinelle<\/title>\n<meta name=\"robots\" content=\"index, follow, max-snippet:-1, max-image-preview:large, max-video-preview:-1\" \/>\n<link rel=\"canonical\" href=\"https:\/\/lasentinelle.dz\/index.php\/2021\/10\/05\/revision-de-la-grille-des-salaires-de-la-fonction-publique-vers-une-hausse-de-50-du-point-indiciaire\/\" \/>\n<meta property=\"og:locale\" content=\"fr_FR\" \/>\n<meta property=\"og:type\" content=\"article\" \/>\n<meta property=\"og:title\" content=\"R\u00e9vision de la grille des salaires de la fonction publique : Vers une hausse de 50% du point indiciaire - La Sentinelle\" \/>\n<meta property=\"og:description\" content=\"Le projet de loi de finances pour 2022 doit formaliser les mesures destin\u00e9es \u00e0 am\u00e9liorer le pouvoir d\u2019achat des m\u00e9nages\" \/>\n<meta property=\"og:url\" content=\"https:\/\/lasentinelle.dz\/index.php\/2021\/10\/05\/revision-de-la-grille-des-salaires-de-la-fonction-publique-vers-une-hausse-de-50-du-point-indiciaire\/\" \/>\n<meta property=\"og:site_name\" content=\"La Sentinelle\" \/>\n<meta property=\"article:publisher\" content=\"https:\/\/www.facebook.com\/La-Sentinelle-104059864394773\" \/>\n<meta property=\"article:published_time\" content=\"2021-10-04T23:05:00+00:00\" \/>\n<meta property=\"og:image\" content=\"https:\/\/lasentinelle.dz\/wp-content\/uploads\/2021\/10\/argent.gif\" \/>\n\t<meta property=\"og:image:width\" content=\"1500\" \/>\n\t<meta property=\"og:image:height\" content=\"998\" \/>\n\t<meta property=\"og:image:type\" content=\"image\/gif\" \/>\n<meta name=\"author\" content=\"La Sentinelle\" \/>\n<meta name=\"twitter:card\" content=\"summary_large_image\" \/>\n<meta name=\"twitter:label1\" content=\"\u00c9crit par\" \/>\n\t<meta name=\"twitter:data1\" content=\"La Sentinelle\" \/>\n\t<meta name=\"twitter:label2\" content=\"Dur\u00e9e de lecture estim\u00e9e\" \/>\n\t<meta name=\"twitter:data2\" content=\"3 minutes\" \/>\n<script type=\"application\/ld+json\" class=\"yoast-schema-graph\">{\"@context\":\"https:\\\/\\\/schema.org\",\"@graph\":[{\"@type\":\"Article\",\"@id\":\"https:\\\/\\\/lasentinelle.dz\\\/index.php\\\/2021\\\/10\\\/05\\\/revision-de-la-grille-des-salaires-de-la-fonction-publique-vers-une-hausse-de-50-du-point-indiciaire\\\/#article\",\"isPartOf\":{\"@id\":\"https:\\\/\\\/lasentinelle.dz\\\/index.php\\\/2021\\\/10\\\/05\\\/revision-de-la-grille-des-salaires-de-la-fonction-publique-vers-une-hausse-de-50-du-point-indiciaire\\\/\"},\"author\":{\"name\":\"La Sentinelle\",\"@id\":\"https:\\\/\\\/lasentinelle.dz\\\/#\\\/schema\\\/person\\\/d865044e22e70a75174ce8bcad3acfb3\"},\"headline\":\"R\u00e9vision de la grille des salaires de la fonction publique : Vers une hausse de 50% du point indiciaire\",\"datePublished\":\"2021-10-04T23:05:00+00:00\",\"mainEntityOfPage\":{\"@id\":\"https:\\\/\\\/lasentinelle.dz\\\/index.php\\\/2021\\\/10\\\/05\\\/revision-de-la-grille-des-salaires-de-la-fonction-publique-vers-une-hausse-de-50-du-point-indiciaire\\\/\"},\"wordCount\":658,\"commentCount\":0,\"publisher\":{\"@id\":\"https:\\\/\\\/lasentinelle.dz\\\/#organization\"},\"image\":{\"@id\":\"https:\\\/\\\/lasentinelle.dz\\\/index.php\\\/2021\\\/10\\\/05\\\/revision-de-la-grille-des-salaires-de-la-fonction-publique-vers-une-hausse-de-50-du-point-indiciaire\\\/#primaryimage\"},\"thumbnailUrl\":\"https:\\\/\\\/lasentinelle.dz\\\/wp-content\\\/uploads\\\/2021\\\/10\\\/argent.gif\",\"articleSection\":[\"\u00c0 la Une\",\"Actualit\u00e9\"],\"inLanguage\":\"fr-FR\",\"potentialAction\":[{\"@type\":\"CommentAction\",\"name\":\"Comment\",\"target\":[\"https:\\\/\\\/lasentinelle.dz\\\/index.php\\\/2021\\\/10\\\/05\\\/revision-de-la-grille-des-salaires-de-la-fonction-publique-vers-une-hausse-de-50-du-point-indiciaire\\\/#respond\"]}]},{\"@type\":\"WebPage\",\"@id\":\"https:\\\/\\\/lasentinelle.dz\\\/index.php\\\/2021\\\/10\\\/05\\\/revision-de-la-grille-des-salaires-de-la-fonction-publique-vers-une-hausse-de-50-du-point-indiciaire\\\/\",\"url\":\"https:\\\/\\\/lasentinelle.dz\\\/index.php\\\/2021\\\/10\\\/05\\\/revision-de-la-grille-des-salaires-de-la-fonction-publique-vers-une-hausse-de-50-du-point-indiciaire\\\/\",\"name\":\"R\u00e9vision de la grille des salaires de la fonction publique : Vers une hausse de 50% du point indiciaire - La Sentinelle\",\"isPartOf\":{\"@id\":\"https:\\\/\\\/lasentinelle.dz\\\/#website\"},\"primaryImageOfPage\":{\"@id\":\"https:\\\/\\\/lasentinelle.dz\\\/index.php\\\/2021\\\/10\\\/05\\\/revision-de-la-grille-des-salaires-de-la-fonction-publique-vers-une-hausse-de-50-du-point-indiciaire\\\/#primaryimage\"},\"image\":{\"@id\":\"https:\\\/\\\/lasentinelle.dz\\\/index.php\\\/2021\\\/10\\\/05\\\/revision-de-la-grille-des-salaires-de-la-fonction-publique-vers-une-hausse-de-50-du-point-indiciaire\\\/#primaryimage\"},\"thumbnailUrl\":\"https:\\\/\\\/lasentinelle.dz\\\/wp-content\\\/uploads\\\/2021\\\/10\\\/argent.gif\",\"datePublished\":\"2021-10-04T23:05:00+00:00\",\"breadcrumb\":{\"@id\":\"https:\\\/\\\/lasentinelle.dz\\\/index.php\\\/2021\\\/10\\\/05\\\/revision-de-la-grille-des-salaires-de-la-fonction-publique-vers-une-hausse-de-50-du-point-indiciaire\\\/#breadcrumb\"},\"inLanguage\":\"fr-FR\",\"potentialAction\":[{\"@type\":\"ReadAction\",\"target\":[\"https:\\\/\\\/lasentinelle.dz\\\/index.php\\\/2021\\\/10\\\/05\\\/revision-de-la-grille-des-salaires-de-la-fonction-publique-vers-une-hausse-de-50-du-point-indiciaire\\\/\"]}]},{\"@type\":\"ImageObject\",\"inLanguage\":\"fr-FR\",\"@id\":\"https:\\\/\\\/lasentinelle.dz\\\/index.php\\\/2021\\\/10\\\/05\\\/revision-de-la-grille-des-salaires-de-la-fonction-publique-vers-une-hausse-de-50-du-point-indiciaire\\\/#primaryimage\",\"url\":\"https:\\\/\\\/lasentinelle.dz\\\/wp-content\\\/uploads\\\/2021\\\/10\\\/argent.gif\",\"contentUrl\":\"https:\\\/\\\/lasentinelle.dz\\\/wp-content\\\/uploads\\\/2021\\\/10\\\/argent.gif\",\"width\":1500,\"height\":998},{\"@type\":\"BreadcrumbList\",\"@id\":\"https:\\\/\\\/lasentinelle.dz\\\/index.php\\\/2021\\\/10\\\/05\\\/revision-de-la-grille-des-salaires-de-la-fonction-publique-vers-une-hausse-de-50-du-point-indiciaire\\\/#breadcrumb\",\"itemListElement\":[{\"@type\":\"ListItem\",\"position\":1,\"name\":\"Accueil\",\"item\":\"https:\\\/\\\/lasentinelle.dz\\\/\"},{\"@type\":\"ListItem\",\"position\":2,\"name\":\"R\u00e9vision de la grille des salaires de la fonction publique : Vers une hausse de 50% du point indiciaire\"}]},{\"@type\":\"WebSite\",\"@id\":\"https:\\\/\\\/lasentinelle.dz\\\/#website\",\"url\":\"https:\\\/\\\/lasentinelle.dz\\\/\",\"name\":\"La Sentinelle\",\"description\":\"Quotidien national d&#039;information\",\"publisher\":{\"@id\":\"https:\\\/\\\/lasentinelle.dz\\\/#organization\"},\"potentialAction\":[{\"@type\":\"SearchAction\",\"target\":{\"@type\":\"EntryPoint\",\"urlTemplate\":\"https:\\\/\\\/lasentinelle.dz\\\/?s={search_term_string}\"},\"query-input\":{\"@type\":\"PropertyValueSpecification\",\"valueRequired\":true,\"valueName\":\"search_term_string\"}}],\"inLanguage\":\"fr-FR\"},{\"@type\":\"Organization\",\"@id\":\"https:\\\/\\\/lasentinelle.dz\\\/#organization\",\"name\":\"Quotidien La Sentinelle\",\"url\":\"https:\\\/\\\/lasentinelle.dz\\\/\",\"logo\":{\"@type\":\"ImageObject\",\"inLanguage\":\"fr-FR\",\"@id\":\"https:\\\/\\\/lasentinelle.dz\\\/#\\\/schema\\\/logo\\\/image\\\/\",\"url\":\"https:\\\/\\\/lasentinelle.dz\\\/wp-content\\\/uploads\\\/2021\\\/09\\\/logo-sentinelleSLOGAN-1.png\",\"contentUrl\":\"https:\\\/\\\/lasentinelle.dz\\\/wp-content\\\/uploads\\\/2021\\\/09\\\/logo-sentinelleSLOGAN-1.png\",\"width\":615,\"height\":142,\"caption\":\"Quotidien La Sentinelle\"},\"image\":{\"@id\":\"https:\\\/\\\/lasentinelle.dz\\\/#\\\/schema\\\/logo\\\/image\\\/\"},\"sameAs\":[\"https:\\\/\\\/www.facebook.com\\\/La-Sentinelle-104059864394773\"]},{\"@type\":\"Person\",\"@id\":\"https:\\\/\\\/lasentinelle.dz\\\/#\\\/schema\\\/person\\\/d865044e22e70a75174ce8bcad3acfb3\",\"name\":\"La Sentinelle\",\"image\":{\"@type\":\"ImageObject\",\"inLanguage\":\"fr-FR\",\"@id\":\"https:\\\/\\\/secure.gravatar.com\\\/avatar\\\/57de8e5d4b15d43fb361a71fbb36338450fe67865b528a43dd10ef7c51a20392?s=96&d=mm&r=g\",\"url\":\"https:\\\/\\\/secure.gravatar.com\\\/avatar\\\/57de8e5d4b15d43fb361a71fbb36338450fe67865b528a43dd10ef7c51a20392?s=96&d=mm&r=g\",\"contentUrl\":\"https:\\\/\\\/secure.gravatar.com\\\/avatar\\\/57de8e5d4b15d43fb361a71fbb36338450fe67865b528a43dd10ef7c51a20392?s=96&d=mm&r=g\",\"caption\":\"La Sentinelle\"},\"sameAs\":[\"http:\\\/\\\/www.lasentinelle.dz\"],\"url\":\"https:\\\/\\\/lasentinelle.dz\\\/author\\\/redaction\\\/\"}]}<\/script>\n<!-- \/ Yoast SEO plugin. -->","yoast_head_json":{"title":"R\u00e9vision de la grille des salaires de la fonction publique : Vers une hausse de 50% du point indiciaire - La Sentinelle","robots":{"index":"index","follow":"follow","max-snippet":"max-snippet:-1","max-image-preview":"max-image-preview:large","max-video-preview":"max-video-preview:-1"},"canonical":"https:\/\/lasentinelle.dz\/index.php\/2021\/10\/05\/revision-de-la-grille-des-salaires-de-la-fonction-publique-vers-une-hausse-de-50-du-point-indiciaire\/","og_locale":"fr_FR","og_type":"article","og_title":"R\u00e9vision de la grille des salaires de la fonction publique : Vers une hausse de 50% du point indiciaire - La Sentinelle","og_description":"Le projet de loi de finances pour 2022 doit formaliser les mesures destin\u00e9es \u00e0 am\u00e9liorer le pouvoir d\u2019achat des m\u00e9nages","og_url":"https:\/\/lasentinelle.dz\/index.php\/2021\/10\/05\/revision-de-la-grille-des-salaires-de-la-fonction-publique-vers-une-hausse-de-50-du-point-indiciaire\/","og_site_name":"La Sentinelle","article_publisher":"https:\/\/www.facebook.com\/La-Sentinelle-104059864394773","article_published_time":"2021-10-04T23:05:00+00:00","og_image":[{"width":1500,"height":998,"url":"https:\/\/lasentinelle.dz\/wp-content\/uploads\/2021\/10\/argent.gif","type":"image\/gif"}],"author":"La Sentinelle","twitter_card":"summary_large_image","twitter_misc":{"\u00c9crit par":"La Sentinelle","Dur\u00e9e de lecture estim\u00e9e":"3 minutes"},"schema":{"@context":"https:\/\/schema.org","@graph":[{"@type":"Article","@id":"https:\/\/lasentinelle.dz\/index.php\/2021\/10\/05\/revision-de-la-grille-des-salaires-de-la-fonction-publique-vers-une-hausse-de-50-du-point-indiciaire\/#article","isPartOf":{"@id":"https:\/\/lasentinelle.dz\/index.php\/2021\/10\/05\/revision-de-la-grille-des-salaires-de-la-fonction-publique-vers-une-hausse-de-50-du-point-indiciaire\/"},"author":{"name":"La Sentinelle","@id":"https:\/\/lasentinelle.dz\/#\/schema\/person\/d865044e22e70a75174ce8bcad3acfb3"},"headline":"R\u00e9vision de la grille des salaires de la fonction publique : Vers une hausse de 50% du point indiciaire","datePublished":"2021-10-04T23:05:00+00:00","mainEntityOfPage":{"@id":"https:\/\/lasentinelle.dz\/index.php\/2021\/10\/05\/revision-de-la-grille-des-salaires-de-la-fonction-publique-vers-une-hausse-de-50-du-point-indiciaire\/"},"wordCount":658,"commentCount":0,"publisher":{"@id":"https:\/\/lasentinelle.dz\/#organization"},"image":{"@id":"https:\/\/lasentinelle.dz\/index.php\/2021\/10\/05\/revision-de-la-grille-des-salaires-de-la-fonction-publique-vers-une-hausse-de-50-du-point-indiciaire\/#primaryimage"},"thumbnailUrl":"https:\/\/lasentinelle.dz\/wp-content\/uploads\/2021\/10\/argent.gif","articleSection":["\u00c0 la Une","Actualit\u00e9"],"inLanguage":"fr-FR","potentialAction":[{"@type":"CommentAction","name":"Comment","target":["https:\/\/lasentinelle.dz\/index.php\/2021\/10\/05\/revision-de-la-grille-des-salaires-de-la-fonction-publique-vers-une-hausse-de-50-du-point-indiciaire\/#respond"]}]},{"@type":"WebPage","@id":"https:\/\/lasentinelle.dz\/index.php\/2021\/10\/05\/revision-de-la-grille-des-salaires-de-la-fonction-publique-vers-une-hausse-de-50-du-point-indiciaire\/","url":"https:\/\/lasentinelle.dz\/index.php\/2021\/10\/05\/revision-de-la-grille-des-salaires-de-la-fonction-publique-vers-une-hausse-de-50-du-point-indiciaire\/","name":"R\u00e9vision de la grille des salaires de la fonction publique : Vers une hausse de 50% du point indiciaire - La Sentinelle","isPartOf":{"@id":"https:\/\/lasentinelle.dz\/#website"},"primaryImageOfPage":{"@id":"https:\/\/lasentinelle.dz\/index.php\/2021\/10\/05\/revision-de-la-grille-des-salaires-de-la-fonction-publique-vers-une-hausse-de-50-du-point-indiciaire\/#primaryimage"},"image":{"@id":"https:\/\/lasentinelle.dz\/index.php\/2021\/10\/05\/revision-de-la-grille-des-salaires-de-la-fonction-publique-vers-une-hausse-de-50-du-point-indiciaire\/#primaryimage"},"thumbnailUrl":"https:\/\/lasentinelle.dz\/wp-content\/uploads\/2021\/10\/argent.gif","datePublished":"2021-10-04T23:05:00+00:00","breadcrumb":{"@id":"https:\/\/lasentinelle.dz\/index.php\/2021\/10\/05\/revision-de-la-grille-des-salaires-de-la-fonction-publique-vers-une-hausse-de-50-du-point-indiciaire\/#breadcrumb"},"inLanguage":"fr-FR","potentialAction":[{"@type":"ReadAction","target":["https:\/\/lasentinelle.dz\/index.php\/2021\/10\/05\/revision-de-la-grille-des-salaires-de-la-fonction-publique-vers-une-hausse-de-50-du-point-indiciaire\/"]}]},{"@type":"ImageObject","inLanguage":"fr-FR","@id":"https:\/\/lasentinelle.dz\/index.php\/2021\/10\/05\/revision-de-la-grille-des-salaires-de-la-fonction-publique-vers-une-hausse-de-50-du-point-indiciaire\/#primaryimage","url":"https:\/\/lasentinelle.dz\/wp-content\/uploads\/2021\/10\/argent.gif","contentUrl":"https:\/\/lasentinelle.dz\/wp-content\/uploads\/2021\/10\/argent.gif","width":1500,"height":998},{"@type":"BreadcrumbList","@id":"https:\/\/lasentinelle.dz\/index.php\/2021\/10\/05\/revision-de-la-grille-des-salaires-de-la-fonction-publique-vers-une-hausse-de-50-du-point-indiciaire\/#breadcrumb","itemListElement":[{"@type":"ListItem","position":1,"name":"Accueil","item":"https:\/\/lasentinelle.dz\/"},{"@type":"ListItem","position":2,"name":"R\u00e9vision de la grille des salaires de la fonction publique : Vers une hausse de 50% du point indiciaire"}]},{"@type":"WebSite","@id":"https:\/\/lasentinelle.dz\/#website","url":"https:\/\/lasentinelle.dz\/","name":"La Sentinelle","description":"Quotidien national d&#039;information","publisher":{"@id":"https:\/\/lasentinelle.dz\/#organization"},"potentialAction":[{"@type":"SearchAction","target":{"@type":"EntryPoint","urlTemplate":"https:\/\/lasentinelle.dz\/?s={search_term_string}"},"query-input":{"@type":"PropertyValueSpecification","valueRequired":true,"valueName":"search_term_string"}}],"inLanguage":"fr-FR"},{"@type":"Organization","@id":"https:\/\/lasentinelle.dz\/#organization","name":"Quotidien La Sentinelle","url":"https:\/\/lasentinelle.dz\/","logo":{"@type":"ImageObject","inLanguage":"fr-FR","@id":"https:\/\/lasentinelle.dz\/#\/schema\/logo\/image\/","url":"https:\/\/lasentinelle.dz\/wp-content\/uploads\/2021\/09\/logo-sentinelleSLOGAN-1.png","contentUrl":"https:\/\/lasentinelle.dz\/wp-content\/uploads\/2021\/09\/logo-sentinelleSLOGAN-1.png","width":615,"height":142,"caption":"Quotidien La Sentinelle"},"image":{"@id":"https:\/\/lasentinelle.dz\/#\/schema\/logo\/image\/"},"sameAs":["https:\/\/www.facebook.com\/La-Sentinelle-104059864394773"]},{"@type":"Person","@id":"https:\/\/lasentinelle.dz\/#\/schema\/person\/d865044e22e70a75174ce8bcad3acfb3","name":"La Sentinelle","image":{"@type":"ImageObject","inLanguage":"fr-FR","@id":"https:\/\/secure.gravatar.com\/avatar\/57de8e5d4b15d43fb361a71fbb36338450fe67865b528a43dd10ef7c51a20392?s=96&d=mm&r=g","url":"https:\/\/secure.gravatar.com\/avatar\/57de8e5d4b15d43fb361a71fbb36338450fe67865b528a43dd10ef7c51a20392?s=96&d=mm&r=g","contentUrl":"https:\/\/secure.gravatar.com\/avatar\/57de8e5d4b15d43fb361a71fbb36338450fe67865b528a43dd10ef7c51a20392?s=96&d=mm&r=g","caption":"La Sentinelle"},"sameAs":["http:\/\/www.lasentinelle.dz"],"url":"https:\/\/lasentinelle.dz\/author\/redaction\/"}]}},"_links":{"self":[{"href":"https:\/\/lasentinelle.dz\/index.php\/wp-json\/wp\/v2\/posts\/9852","targetHints":{"allow":["GET"]}}],"collection":[{"href":"https:\/\/lasentinelle.dz\/index.php\/wp-json\/wp\/v2\/posts"}],"about":[{"href":"https:\/\/lasentinelle.dz\/index.php\/wp-json\/wp\/v2\/types\/post"}],"author":[{"embeddable":true,"href":"https:\/\/lasentinelle.dz\/index.php\/wp-json\/wp\/v2\/users\/3"}],"replies":[{"embeddable":true,"href":"https:\/\/lasentinelle.dz\/index.php\/wp-json\/wp\/v2\/comments?post=9852"}],"version-history":[{"count":1,"href":"https:\/\/lasentinelle.dz\/index.php\/wp-json\/wp\/v2\/posts\/9852\/revisions"}],"predecessor-version":[{"id":9891,"href":"https:\/\/lasentinelle.dz\/index.php\/wp-json\/wp\/v2\/posts\/9852\/revisions\/9891"}],"wp:featuredmedia":[{"embeddable":true,"href":"https:\/\/lasentinelle.dz\/index.php\/wp-json\/wp\/v2\/media\/9890"}],"wp:attachment":[{"href":"https:\/\/lasentinelle.dz\/index.php\/wp-json\/wp\/v2\/media?parent=9852"}],"wp:term":[{"taxonomy":"category","embeddable":true,"href":"https:\/\/lasentinelle.dz\/index.php\/wp-json\/wp\/v2\/categories?post=9852"},{"taxonomy":"post_tag","embeddable":true,"href":"https:\/\/lasentinelle.dz\/index.php\/wp-json\/wp\/v2\/tags?post=9852"}],"curies":[{"name":"wp","href":"https:\/\/api.w.org\/{rel}","templated":true}]}}