{"id":9889,"date":"2021-10-05T00:05:00","date_gmt":"2021-10-04T23:05:00","guid":{"rendered":"https:\/\/lasentinelle.dz\/?p=9889"},"modified":"2021-10-04T20:19:54","modified_gmt":"2021-10-04T19:19:54","slug":"aimene-benabderrahmane-depuis-oran-les-propos-de-macron-sont-inacceptables","status":"publish","type":"post","link":"https:\/\/lasentinelle.dz\/index.php\/2021\/10\/05\/aimene-benabderrahmane-depuis-oran-les-propos-de-macron-sont-inacceptables\/","title":{"rendered":"A\u00efmene Benabderrahmane depuis Oran : Les propos de Macron sont \u00ab inacceptables \u00bb"},"content":{"rendered":"\n<p>Les propos tenus par le pr\u00e9sident fran\u00e7ais, Emmanuel Macron, continuent de susciter l\u2019indignation et laisse entrevoir une crise diplomatique profonde. Des propos scandaleux et inacceptables qui portent atteinte \u00e0 l\u2019histoire, \u00e0 la m\u00e9moire et \u00e0 l\u2019identit\u00e9 de l\u2019Alg\u00e9rie.<\/p>\n\n\n\n<p>Hier, c\u2019est le Premier ministre qui a vivement r\u00e9agi au d\u00e9rapage du chef de l\u2019\u00c9tat fran\u00e7ais. En marge de sa visite \u00e0 Oran, A\u00efmeneBenabderrahmane a indiqu\u00e9 que l\u2019Alg\u00e9rie \u00abne saurait \u00eatre affect\u00e9e par des d\u00e9clarations qui tentent de porter atteinte \u00e0 son histoire et \u00e0 ses racines&nbsp;\u00bb. Le Premier ministre, ministre des Finances, a ajout\u00e9 dans ce sens que les derni\u00e8res d\u00e9clarations du pr\u00e9sident fran\u00e7ais, Emmanuel Macron, sur l&rsquo;histoire de l&rsquo;Alg\u00e9rie \u00ab&nbsp;sont inacceptables&nbsp;\u00bb. \u00ab&nbsp;Nous n&rsquo;accepterons jamais ce genre de d\u00e9clarations, car l&rsquo;Alg\u00e9rie est un peuple et une nation debout ayant marqu\u00e9 l&rsquo;Histoire. Il suffit de se r\u00e9f\u00e9rer \u00e0 Imedghassen, Massinissa et l&rsquo;Emir Abdelkader&nbsp;\u00bb, a soulign\u00e9 le chef de l\u2019Ex\u00e9cutif.<\/p>\n\n\n\n<p>Les propos tenus par Emmanuel Macron, lors d\u2019une rencontre avec ce qu\u2019il a appel\u00e9 \u00ab&nbsp;les enfants de la guerre d\u2019Alg\u00e9rie&nbsp;\u00bb et rapport\u00e9 par le quotidien \u00ab&nbsp;Le Monde&nbsp;\u00bb sont plus que scandaleux. Il a remis en cause l\u2019existence de la Nation alg\u00e9rienne avant la colonisation versant sans g\u00eane dans le discours usit\u00e9 par la droite et l\u2019extr\u00eame droite fran\u00e7aises sur les pr\u00e9tendus bienfaits de la colonisation. Il a \u00e9galement pr\u00e9tendu que l\u2019histoire \u00ab&nbsp;officielle&nbsp;\u00bb a \u00e9t\u00e9 r\u00e9\u00e9crite et b\u00e2ti sur \u00ab&nbsp;une haine de la France&nbsp;\u00bb avant d\u2019ajouter que l\u2019Alg\u00e9rie vivrait sur une rente m\u00e9morielle.&nbsp; Ce qui n\u2019a pas manqu\u00e9 de provoquer l\u2019ire et l\u2019indignation des Alg\u00e9riens. Samedi, la pr\u00e9sidence de la R\u00e9publique a d\u00e9nonc\u00e9 un propos qui porte atteinte aux 5,63 millions de martyrs tomb\u00e9s en r\u00e9sistant au colonialisme. Les propos du pr\u00e9sident fran\u00e7ais ont \u00e9t\u00e9 largement condamn\u00e9s par la classe politique. C\u2019est un nouvel incident qui risque d\u2019ailleurs de mettre en p\u00e9ril les relations alg\u00e9ro-fran\u00e7aises, d\u2019autant que les appels se multiplient pour revoir ces relations et prendre des mesures coercitives.<\/p>\n\n\n\n<p><strong>Revoir les relations alg\u00e9ro-fran\u00e7aises<\/strong><\/p>\n\n\n\n<p>C\u2019est le cas de l&rsquo;Organisation nationale des moudjahidine (ONM) qui a soulign\u00e9hier &nbsp;dans un communiqu\u00e9, qu'\u00a0\u00bbil est temps de revoir les relations alg\u00e9ro-fran\u00e7aises\u00a0\u00bb et \u00ab\u00a0d&rsquo;\u00e9valuer tous leurs aspects\u00a0\u00bb.Cela constitue \u00ab\u00a0une priorit\u00e9\u00a0\u00bb et \u00ab\u00a0une responsabilit\u00e9 nationale\u00a0\u00bb, selon l&rsquo;ONM qui a relev\u00e9 l&rsquo;urgence de \u00ab\u00a0r\u00e9fl\u00e9chir s\u00e9rieusement \u00e0 une \u00e9valuation de tous les aspects\u00a0\u00bb des ces relations bilat\u00e9rales.L&rsquo;ONM, qui rejette l&rsquo;interpr\u00e9tation tendancieuse par le pr\u00e9sident fran\u00e7ais des faits de notre histoire nationale\u00a0\u00bb, souligne que Macron aurait du prendre conscience que le pays dont il \u00e9voque, avec m\u00e9pris, l&rsquo;histoire ancestrale, a su fa\u00e7onner l&rsquo;histoire au moment o\u00f9 son pays sombrait dans un profond sommeil\u00a0\u00bb, lit-on dans le communiqu\u00e9. Pour sa part, l\u2019Assembl\u00e9e populaire nationale a indiqu\u00e9 hier dans un communiqu\u00e9 que les propos d\u2019Emmanuel Macron \u00ab&nbsp; mettent \u00e0 rude \u00e9preuve les relations entre les deux pays \u00bb. Et d\u2019ajouter que l\u2019avenir d\u2019un \u00ab&nbsp;partenariat exceptionnel&nbsp;\u00bb entre l\u2019Alg\u00e9rie et le France a pris un coup.&nbsp; L\u2019Alg\u00e9rie, affirme encore le m\u00eame communiqu\u00e9, \u00ab&nbsp;ne peut pas plier devant une tentative d\u00e9sesp\u00e9r\u00e9e de la rabaisser, une tentative qui n\u2019a pour objectif que de r\u00e9pondre \u00e0 des calculs de campagne \u00e9lectorale\u00bb. Il est utile de noter que le d\u00e9rapage de Macron a \u00e9galement fait r\u00e9agir Jean Ziegler, vice-pr\u00e9sident du comit\u00e9 consultatif du Conseil des droits de l&rsquo;homme de l&rsquo;ONU. Dans une d\u00e9claration \u00e0 la Radio alg\u00e9rienne, Jean Ziegler a estim\u00e9 qu\u2019 \u00ab&nbsp;Emmanuel Macron a tort&nbsp;\u00bb, et que ses propos \u00ab&nbsp;sont&nbsp; scandaleux&nbsp;\u00bb, avant de rappeler au pr\u00e9sident fran\u00e7ais que les \u00ab&nbsp;crimes coloniaux sont des crimes contre l\u2019Humanit\u00e9&nbsp;\u00bb.<\/p>\n\n\n\n<p><strong>Chokri Hafed<\/strong><\/p>\n","protected":false},"excerpt":{"rendered":"<p>Les propos tenus par le pr\u00e9sident fran\u00e7ais, Emmanuel Macron, continuent de susciter l\u2019indignation et laisse entrevoir une crise diplomatique profonde.<\/p>\n","protected":false},"author":3,"featured_media":9897,"comment_status":"open","ping_status":"closed","sticky":false,"template":"","format":"standard","meta":{"colormag_page_container_layout":"default_layout","colormag_page_sidebar_layout":"default_layout","om_disable_all_campaigns":false,"_monsterinsights_skip_tracking":false,"_monsterinsights_sitenote_active":false,"_monsterinsights_sitenote_note":"","_monsterinsights_sitenote_category":0,"footnotes":"","_wpscppro_dont_share_socialmedia":false,"_wpscppro_custom_social_share_image":0,"_facebook_share_type":"","_twitter_share_type":"","_linkedin_share_type":"","_pinterest_share_type":"","_linkedin_share_type_page":"","_instagram_share_type":"","_medium_share_type":"","_threads_share_type":"","_google_business_share_type":"","_selected_social_profile":[],"_wpsp_enable_custom_social_template":false,"_wpsp_social_scheduling":{"enabled":false,"datetime":null,"platforms":[],"status":"template_only","dateOption":"today","timeOption":"now","customDays":"","customHours":"","customDate":"","customTime":"","schedulingType":"absolute"},"_wpsp_active_default_template":true},"categories":[52,27],"tags":[],"class_list":["post-9889","post","type-post","status-publish","format-standard","has-post-thumbnail","hentry","category-a-la-une","category-actualite"],"aioseo_notices":[],"yoast_head":"<!-- This site is optimized with the Yoast SEO plugin v27.5 - https:\/\/yoast.com\/product\/yoast-seo-wordpress\/ -->\n<title>A\u00efmene Benabderrahmane depuis Oran : Les propos de Macron sont \u00ab inacceptables \u00bb - La Sentinelle<\/title>\n<meta name=\"robots\" content=\"index, follow, max-snippet:-1, max-image-preview:large, max-video-preview:-1\" \/>\n<link rel=\"canonical\" href=\"https:\/\/lasentinelle.dz\/index.php\/2021\/10\/05\/aimene-benabderrahmane-depuis-oran-les-propos-de-macron-sont-inacceptables\/\" \/>\n<meta property=\"og:locale\" content=\"fr_FR\" \/>\n<meta property=\"og:type\" content=\"article\" \/>\n<meta property=\"og:title\" content=\"A\u00efmene Benabderrahmane depuis Oran : Les propos de Macron sont \u00ab inacceptables \u00bb - La Sentinelle\" \/>\n<meta property=\"og:description\" content=\"Les propos tenus par le pr\u00e9sident fran\u00e7ais, Emmanuel Macron, continuent de susciter l\u2019indignation et laisse entrevoir une crise diplomatique profonde.\" \/>\n<meta property=\"og:url\" content=\"https:\/\/lasentinelle.dz\/index.php\/2021\/10\/05\/aimene-benabderrahmane-depuis-oran-les-propos-de-macron-sont-inacceptables\/\" \/>\n<meta property=\"og:site_name\" content=\"La Sentinelle\" \/>\n<meta property=\"article:publisher\" content=\"https:\/\/www.facebook.com\/La-Sentinelle-104059864394773\" \/>\n<meta property=\"article:published_time\" content=\"2021-10-04T23:05:00+00:00\" \/>\n<meta property=\"og:image\" content=\"https:\/\/lasentinelle.dz\/wp-content\/uploads\/2021\/10\/benabderrahamne-oran.png\" \/>\n\t<meta property=\"og:image:width\" content=\"1140\" \/>\n\t<meta property=\"og:image:height\" content=\"500\" \/>\n\t<meta property=\"og:image:type\" content=\"image\/png\" \/>\n<meta name=\"author\" content=\"La Sentinelle\" \/>\n<meta name=\"twitter:card\" content=\"summary_large_image\" \/>\n<meta name=\"twitter:label1\" content=\"\u00c9crit par\" \/>\n\t<meta name=\"twitter:data1\" content=\"La Sentinelle\" \/>\n\t<meta name=\"twitter:label2\" content=\"Dur\u00e9e de lecture estim\u00e9e\" \/>\n\t<meta name=\"twitter:data2\" content=\"3 minutes\" \/>\n<script type=\"application\/ld+json\" class=\"yoast-schema-graph\">{\"@context\":\"https:\\\/\\\/schema.org\",\"@graph\":[{\"@type\":\"Article\",\"@id\":\"https:\\\/\\\/lasentinelle.dz\\\/index.php\\\/2021\\\/10\\\/05\\\/aimene-benabderrahmane-depuis-oran-les-propos-de-macron-sont-inacceptables\\\/#article\",\"isPartOf\":{\"@id\":\"https:\\\/\\\/lasentinelle.dz\\\/index.php\\\/2021\\\/10\\\/05\\\/aimene-benabderrahmane-depuis-oran-les-propos-de-macron-sont-inacceptables\\\/\"},\"author\":{\"name\":\"La Sentinelle\",\"@id\":\"https:\\\/\\\/lasentinelle.dz\\\/#\\\/schema\\\/person\\\/d865044e22e70a75174ce8bcad3acfb3\"},\"headline\":\"A\u00efmene Benabderrahmane depuis Oran : Les propos de Macron sont \u00ab inacceptables \u00bb\",\"datePublished\":\"2021-10-04T23:05:00+00:00\",\"mainEntityOfPage\":{\"@id\":\"https:\\\/\\\/lasentinelle.dz\\\/index.php\\\/2021\\\/10\\\/05\\\/aimene-benabderrahmane-depuis-oran-les-propos-de-macron-sont-inacceptables\\\/\"},\"wordCount\":716,\"commentCount\":0,\"publisher\":{\"@id\":\"https:\\\/\\\/lasentinelle.dz\\\/#organization\"},\"image\":{\"@id\":\"https:\\\/\\\/lasentinelle.dz\\\/index.php\\\/2021\\\/10\\\/05\\\/aimene-benabderrahmane-depuis-oran-les-propos-de-macron-sont-inacceptables\\\/#primaryimage\"},\"thumbnailUrl\":\"https:\\\/\\\/lasentinelle.dz\\\/wp-content\\\/uploads\\\/2021\\\/10\\\/benabderrahamne-oran.png\",\"articleSection\":[\"\u00c0 la Une\",\"Actualit\u00e9\"],\"inLanguage\":\"fr-FR\",\"potentialAction\":[{\"@type\":\"CommentAction\",\"name\":\"Comment\",\"target\":[\"https:\\\/\\\/lasentinelle.dz\\\/index.php\\\/2021\\\/10\\\/05\\\/aimene-benabderrahmane-depuis-oran-les-propos-de-macron-sont-inacceptables\\\/#respond\"]}]},{\"@type\":\"WebPage\",\"@id\":\"https:\\\/\\\/lasentinelle.dz\\\/index.php\\\/2021\\\/10\\\/05\\\/aimene-benabderrahmane-depuis-oran-les-propos-de-macron-sont-inacceptables\\\/\",\"url\":\"https:\\\/\\\/lasentinelle.dz\\\/index.php\\\/2021\\\/10\\\/05\\\/aimene-benabderrahmane-depuis-oran-les-propos-de-macron-sont-inacceptables\\\/\",\"name\":\"A\u00efmene Benabderrahmane depuis Oran : Les propos de Macron sont \u00ab inacceptables \u00bb - La Sentinelle\",\"isPartOf\":{\"@id\":\"https:\\\/\\\/lasentinelle.dz\\\/#website\"},\"primaryImageOfPage\":{\"@id\":\"https:\\\/\\\/lasentinelle.dz\\\/index.php\\\/2021\\\/10\\\/05\\\/aimene-benabderrahmane-depuis-oran-les-propos-de-macron-sont-inacceptables\\\/#primaryimage\"},\"image\":{\"@id\":\"https:\\\/\\\/lasentinelle.dz\\\/index.php\\\/2021\\\/10\\\/05\\\/aimene-benabderrahmane-depuis-oran-les-propos-de-macron-sont-inacceptables\\\/#primaryimage\"},\"thumbnailUrl\":\"https:\\\/\\\/lasentinelle.dz\\\/wp-content\\\/uploads\\\/2021\\\/10\\\/benabderrahamne-oran.png\",\"datePublished\":\"2021-10-04T23:05:00+00:00\",\"breadcrumb\":{\"@id\":\"https:\\\/\\\/lasentinelle.dz\\\/index.php\\\/2021\\\/10\\\/05\\\/aimene-benabderrahmane-depuis-oran-les-propos-de-macron-sont-inacceptables\\\/#breadcrumb\"},\"inLanguage\":\"fr-FR\",\"potentialAction\":[{\"@type\":\"ReadAction\",\"target\":[\"https:\\\/\\\/lasentinelle.dz\\\/index.php\\\/2021\\\/10\\\/05\\\/aimene-benabderrahmane-depuis-oran-les-propos-de-macron-sont-inacceptables\\\/\"]}]},{\"@type\":\"ImageObject\",\"inLanguage\":\"fr-FR\",\"@id\":\"https:\\\/\\\/lasentinelle.dz\\\/index.php\\\/2021\\\/10\\\/05\\\/aimene-benabderrahmane-depuis-oran-les-propos-de-macron-sont-inacceptables\\\/#primaryimage\",\"url\":\"https:\\\/\\\/lasentinelle.dz\\\/wp-content\\\/uploads\\\/2021\\\/10\\\/benabderrahamne-oran.png\",\"contentUrl\":\"https:\\\/\\\/lasentinelle.dz\\\/wp-content\\\/uploads\\\/2021\\\/10\\\/benabderrahamne-oran.png\",\"width\":1140,\"height\":500},{\"@type\":\"BreadcrumbList\",\"@id\":\"https:\\\/\\\/lasentinelle.dz\\\/index.php\\\/2021\\\/10\\\/05\\\/aimene-benabderrahmane-depuis-oran-les-propos-de-macron-sont-inacceptables\\\/#breadcrumb\",\"itemListElement\":[{\"@type\":\"ListItem\",\"position\":1,\"name\":\"Accueil\",\"item\":\"https:\\\/\\\/lasentinelle.dz\\\/\"},{\"@type\":\"ListItem\",\"position\":2,\"name\":\"A\u00efmene Benabderrahmane depuis Oran : Les propos de Macron sont \u00ab inacceptables \u00bb\"}]},{\"@type\":\"WebSite\",\"@id\":\"https:\\\/\\\/lasentinelle.dz\\\/#website\",\"url\":\"https:\\\/\\\/lasentinelle.dz\\\/\",\"name\":\"La Sentinelle\",\"description\":\"Quotidien national d&#039;information\",\"publisher\":{\"@id\":\"https:\\\/\\\/lasentinelle.dz\\\/#organization\"},\"potentialAction\":[{\"@type\":\"SearchAction\",\"target\":{\"@type\":\"EntryPoint\",\"urlTemplate\":\"https:\\\/\\\/lasentinelle.dz\\\/?s={search_term_string}\"},\"query-input\":{\"@type\":\"PropertyValueSpecification\",\"valueRequired\":true,\"valueName\":\"search_term_string\"}}],\"inLanguage\":\"fr-FR\"},{\"@type\":\"Organization\",\"@id\":\"https:\\\/\\\/lasentinelle.dz\\\/#organization\",\"name\":\"Quotidien La Sentinelle\",\"url\":\"https:\\\/\\\/lasentinelle.dz\\\/\",\"logo\":{\"@type\":\"ImageObject\",\"inLanguage\":\"fr-FR\",\"@id\":\"https:\\\/\\\/lasentinelle.dz\\\/#\\\/schema\\\/logo\\\/image\\\/\",\"url\":\"https:\\\/\\\/lasentinelle.dz\\\/wp-content\\\/uploads\\\/2021\\\/09\\\/logo-sentinelleSLOGAN-1.png\",\"contentUrl\":\"https:\\\/\\\/lasentinelle.dz\\\/wp-content\\\/uploads\\\/2021\\\/09\\\/logo-sentinelleSLOGAN-1.png\",\"width\":615,\"height\":142,\"caption\":\"Quotidien La Sentinelle\"},\"image\":{\"@id\":\"https:\\\/\\\/lasentinelle.dz\\\/#\\\/schema\\\/logo\\\/image\\\/\"},\"sameAs\":[\"https:\\\/\\\/www.facebook.com\\\/La-Sentinelle-104059864394773\"]},{\"@type\":\"Person\",\"@id\":\"https:\\\/\\\/lasentinelle.dz\\\/#\\\/schema\\\/person\\\/d865044e22e70a75174ce8bcad3acfb3\",\"name\":\"La Sentinelle\",\"image\":{\"@type\":\"ImageObject\",\"inLanguage\":\"fr-FR\",\"@id\":\"https:\\\/\\\/secure.gravatar.com\\\/avatar\\\/57de8e5d4b15d43fb361a71fbb36338450fe67865b528a43dd10ef7c51a20392?s=96&d=mm&r=g\",\"url\":\"https:\\\/\\\/secure.gravatar.com\\\/avatar\\\/57de8e5d4b15d43fb361a71fbb36338450fe67865b528a43dd10ef7c51a20392?s=96&d=mm&r=g\",\"contentUrl\":\"https:\\\/\\\/secure.gravatar.com\\\/avatar\\\/57de8e5d4b15d43fb361a71fbb36338450fe67865b528a43dd10ef7c51a20392?s=96&d=mm&r=g\",\"caption\":\"La Sentinelle\"},\"sameAs\":[\"http:\\\/\\\/www.lasentinelle.dz\"],\"url\":\"https:\\\/\\\/lasentinelle.dz\\\/author\\\/redaction\\\/\"}]}<\/script>\n<!-- \/ Yoast SEO plugin. -->","yoast_head_json":{"title":"A\u00efmene Benabderrahmane depuis Oran : Les propos de Macron sont \u00ab inacceptables \u00bb - La Sentinelle","robots":{"index":"index","follow":"follow","max-snippet":"max-snippet:-1","max-image-preview":"max-image-preview:large","max-video-preview":"max-video-preview:-1"},"canonical":"https:\/\/lasentinelle.dz\/index.php\/2021\/10\/05\/aimene-benabderrahmane-depuis-oran-les-propos-de-macron-sont-inacceptables\/","og_locale":"fr_FR","og_type":"article","og_title":"A\u00efmene Benabderrahmane depuis Oran : Les propos de Macron sont \u00ab inacceptables \u00bb - La Sentinelle","og_description":"Les propos tenus par le pr\u00e9sident fran\u00e7ais, Emmanuel Macron, continuent de susciter l\u2019indignation et laisse entrevoir une crise diplomatique profonde.","og_url":"https:\/\/lasentinelle.dz\/index.php\/2021\/10\/05\/aimene-benabderrahmane-depuis-oran-les-propos-de-macron-sont-inacceptables\/","og_site_name":"La Sentinelle","article_publisher":"https:\/\/www.facebook.com\/La-Sentinelle-104059864394773","article_published_time":"2021-10-04T23:05:00+00:00","og_image":[{"width":1140,"height":500,"url":"https:\/\/lasentinelle.dz\/wp-content\/uploads\/2021\/10\/benabderrahamne-oran.png","type":"image\/png"}],"author":"La Sentinelle","twitter_card":"summary_large_image","twitter_misc":{"\u00c9crit par":"La Sentinelle","Dur\u00e9e de lecture estim\u00e9e":"3 minutes"},"schema":{"@context":"https:\/\/schema.org","@graph":[{"@type":"Article","@id":"https:\/\/lasentinelle.dz\/index.php\/2021\/10\/05\/aimene-benabderrahmane-depuis-oran-les-propos-de-macron-sont-inacceptables\/#article","isPartOf":{"@id":"https:\/\/lasentinelle.dz\/index.php\/2021\/10\/05\/aimene-benabderrahmane-depuis-oran-les-propos-de-macron-sont-inacceptables\/"},"author":{"name":"La Sentinelle","@id":"https:\/\/lasentinelle.dz\/#\/schema\/person\/d865044e22e70a75174ce8bcad3acfb3"},"headline":"A\u00efmene Benabderrahmane depuis Oran : Les propos de Macron sont \u00ab inacceptables \u00bb","datePublished":"2021-10-04T23:05:00+00:00","mainEntityOfPage":{"@id":"https:\/\/lasentinelle.dz\/index.php\/2021\/10\/05\/aimene-benabderrahmane-depuis-oran-les-propos-de-macron-sont-inacceptables\/"},"wordCount":716,"commentCount":0,"publisher":{"@id":"https:\/\/lasentinelle.dz\/#organization"},"image":{"@id":"https:\/\/lasentinelle.dz\/index.php\/2021\/10\/05\/aimene-benabderrahmane-depuis-oran-les-propos-de-macron-sont-inacceptables\/#primaryimage"},"thumbnailUrl":"https:\/\/lasentinelle.dz\/wp-content\/uploads\/2021\/10\/benabderrahamne-oran.png","articleSection":["\u00c0 la Une","Actualit\u00e9"],"inLanguage":"fr-FR","potentialAction":[{"@type":"CommentAction","name":"Comment","target":["https:\/\/lasentinelle.dz\/index.php\/2021\/10\/05\/aimene-benabderrahmane-depuis-oran-les-propos-de-macron-sont-inacceptables\/#respond"]}]},{"@type":"WebPage","@id":"https:\/\/lasentinelle.dz\/index.php\/2021\/10\/05\/aimene-benabderrahmane-depuis-oran-les-propos-de-macron-sont-inacceptables\/","url":"https:\/\/lasentinelle.dz\/index.php\/2021\/10\/05\/aimene-benabderrahmane-depuis-oran-les-propos-de-macron-sont-inacceptables\/","name":"A\u00efmene Benabderrahmane depuis Oran : Les propos de Macron sont \u00ab inacceptables \u00bb - La Sentinelle","isPartOf":{"@id":"https:\/\/lasentinelle.dz\/#website"},"primaryImageOfPage":{"@id":"https:\/\/lasentinelle.dz\/index.php\/2021\/10\/05\/aimene-benabderrahmane-depuis-oran-les-propos-de-macron-sont-inacceptables\/#primaryimage"},"image":{"@id":"https:\/\/lasentinelle.dz\/index.php\/2021\/10\/05\/aimene-benabderrahmane-depuis-oran-les-propos-de-macron-sont-inacceptables\/#primaryimage"},"thumbnailUrl":"https:\/\/lasentinelle.dz\/wp-content\/uploads\/2021\/10\/benabderrahamne-oran.png","datePublished":"2021-10-04T23:05:00+00:00","breadcrumb":{"@id":"https:\/\/lasentinelle.dz\/index.php\/2021\/10\/05\/aimene-benabderrahmane-depuis-oran-les-propos-de-macron-sont-inacceptables\/#breadcrumb"},"inLanguage":"fr-FR","potentialAction":[{"@type":"ReadAction","target":["https:\/\/lasentinelle.dz\/index.php\/2021\/10\/05\/aimene-benabderrahmane-depuis-oran-les-propos-de-macron-sont-inacceptables\/"]}]},{"@type":"ImageObject","inLanguage":"fr-FR","@id":"https:\/\/lasentinelle.dz\/index.php\/2021\/10\/05\/aimene-benabderrahmane-depuis-oran-les-propos-de-macron-sont-inacceptables\/#primaryimage","url":"https:\/\/lasentinelle.dz\/wp-content\/uploads\/2021\/10\/benabderrahamne-oran.png","contentUrl":"https:\/\/lasentinelle.dz\/wp-content\/uploads\/2021\/10\/benabderrahamne-oran.png","width":1140,"height":500},{"@type":"BreadcrumbList","@id":"https:\/\/lasentinelle.dz\/index.php\/2021\/10\/05\/aimene-benabderrahmane-depuis-oran-les-propos-de-macron-sont-inacceptables\/#breadcrumb","itemListElement":[{"@type":"ListItem","position":1,"name":"Accueil","item":"https:\/\/lasentinelle.dz\/"},{"@type":"ListItem","position":2,"name":"A\u00efmene Benabderrahmane depuis Oran : Les propos de Macron sont \u00ab inacceptables \u00bb"}]},{"@type":"WebSite","@id":"https:\/\/lasentinelle.dz\/#website","url":"https:\/\/lasentinelle.dz\/","name":"La Sentinelle","description":"Quotidien national d&#039;information","publisher":{"@id":"https:\/\/lasentinelle.dz\/#organization"},"potentialAction":[{"@type":"SearchAction","target":{"@type":"EntryPoint","urlTemplate":"https:\/\/lasentinelle.dz\/?s={search_term_string}"},"query-input":{"@type":"PropertyValueSpecification","valueRequired":true,"valueName":"search_term_string"}}],"inLanguage":"fr-FR"},{"@type":"Organization","@id":"https:\/\/lasentinelle.dz\/#organization","name":"Quotidien La Sentinelle","url":"https:\/\/lasentinelle.dz\/","logo":{"@type":"ImageObject","inLanguage":"fr-FR","@id":"https:\/\/lasentinelle.dz\/#\/schema\/logo\/image\/","url":"https:\/\/lasentinelle.dz\/wp-content\/uploads\/2021\/09\/logo-sentinelleSLOGAN-1.png","contentUrl":"https:\/\/lasentinelle.dz\/wp-content\/uploads\/2021\/09\/logo-sentinelleSLOGAN-1.png","width":615,"height":142,"caption":"Quotidien La Sentinelle"},"image":{"@id":"https:\/\/lasentinelle.dz\/#\/schema\/logo\/image\/"},"sameAs":["https:\/\/www.facebook.com\/La-Sentinelle-104059864394773"]},{"@type":"Person","@id":"https:\/\/lasentinelle.dz\/#\/schema\/person\/d865044e22e70a75174ce8bcad3acfb3","name":"La Sentinelle","image":{"@type":"ImageObject","inLanguage":"fr-FR","@id":"https:\/\/secure.gravatar.com\/avatar\/57de8e5d4b15d43fb361a71fbb36338450fe67865b528a43dd10ef7c51a20392?s=96&d=mm&r=g","url":"https:\/\/secure.gravatar.com\/avatar\/57de8e5d4b15d43fb361a71fbb36338450fe67865b528a43dd10ef7c51a20392?s=96&d=mm&r=g","contentUrl":"https:\/\/secure.gravatar.com\/avatar\/57de8e5d4b15d43fb361a71fbb36338450fe67865b528a43dd10ef7c51a20392?s=96&d=mm&r=g","caption":"La Sentinelle"},"sameAs":["http:\/\/www.lasentinelle.dz"],"url":"https:\/\/lasentinelle.dz\/author\/redaction\/"}]}},"_links":{"self":[{"href":"https:\/\/lasentinelle.dz\/index.php\/wp-json\/wp\/v2\/posts\/9889","targetHints":{"allow":["GET"]}}],"collection":[{"href":"https:\/\/lasentinelle.dz\/index.php\/wp-json\/wp\/v2\/posts"}],"about":[{"href":"https:\/\/lasentinelle.dz\/index.php\/wp-json\/wp\/v2\/types\/post"}],"author":[{"embeddable":true,"href":"https:\/\/lasentinelle.dz\/index.php\/wp-json\/wp\/v2\/users\/3"}],"replies":[{"embeddable":true,"href":"https:\/\/lasentinelle.dz\/index.php\/wp-json\/wp\/v2\/comments?post=9889"}],"version-history":[{"count":1,"href":"https:\/\/lasentinelle.dz\/index.php\/wp-json\/wp\/v2\/posts\/9889\/revisions"}],"predecessor-version":[{"id":9898,"href":"https:\/\/lasentinelle.dz\/index.php\/wp-json\/wp\/v2\/posts\/9889\/revisions\/9898"}],"wp:featuredmedia":[{"embeddable":true,"href":"https:\/\/lasentinelle.dz\/index.php\/wp-json\/wp\/v2\/media\/9897"}],"wp:attachment":[{"href":"https:\/\/lasentinelle.dz\/index.php\/wp-json\/wp\/v2\/media?parent=9889"}],"wp:term":[{"taxonomy":"category","embeddable":true,"href":"https:\/\/lasentinelle.dz\/index.php\/wp-json\/wp\/v2\/categories?post=9889"},{"taxonomy":"post_tag","embeddable":true,"href":"https:\/\/lasentinelle.dz\/index.php\/wp-json\/wp\/v2\/tags?post=9889"}],"curies":[{"name":"wp","href":"https:\/\/api.w.org\/{rel}","templated":true}]}}