{"id":9941,"date":"2021-10-06T00:01:00","date_gmt":"2021-10-05T23:01:00","guid":{"rendered":"https:\/\/lasentinelle.dz\/?p=9941"},"modified":"2021-10-05T16:55:10","modified_gmt":"2021-10-05T15:55:10","slug":"organisation-de-la-can-2021-la-vitesse-superieure","status":"publish","type":"post","link":"https:\/\/lasentinelle.dz\/index.php\/2021\/10\/06\/organisation-de-la-can-2021-la-vitesse-superieure\/","title":{"rendered":"Organisation de la CAN-2021 : La vitesse sup\u00e9rieure"},"content":{"rendered":"\n<p>L\u2019\u00e9v\u00e9nement continental de la balle ronde aura lieu au mois de janvier prochain au Cameroun. C\u2019est le compte \u00e0 rebours !<\/p>\n\n\n\n<p>Rendu \u00e0 un peu plus de trois mois de la CAN Cameroun-2021, le dispositif organisationnel de la comp\u00e9tition s\u2019\u00e9toffe. Une nouvelle approche transversale a \u00e9t\u00e9 mise sur pied. Celle-ci int\u00e8gre et implique d\u00e9sormais certains d\u00e9partements minist\u00e9riels locaux. L\u2019information a \u00e9t\u00e9 rendue publique au cours de la r\u00e9union d\u2019\u00e9valuation des activit\u00e9s pr\u00e9paratoires de la CAN. Une s\u00e9ance de travail pr\u00e9sid\u00e9e par Narcisse Mouelle Kombi, le ministre camerounais des Sports et de l\u2019Education physique (Minsep), par ailleurs pr\u00e9sident du COCAN 20-21. Trois commissions ont \u00e9t\u00e9 mises en place et Kombi a recommand\u00e9 aux diff\u00e9rentes commissions centrales techniques d\u2019\u00eatre \u00e0 la disposition desdites administrations sectorielles. Ces derni\u00e8res devront \u00eatre \u00e9difi\u00e9es sur le cahier de charges de la CAF, sur le r\u00f4le et les actions d\u00e9j\u00e0 men\u00e9es par le COCAN. Depuis la c\u00e9r\u00e9monie de tirage au sort du 17 ao\u00fbt dernier, les \u00e9changes entre le COCAN et la CAF se poursuivent sereinement. La CAF a fait tenir \u00e0 l\u2019organisation camerounaise une mouture de l\u2019accord-cadre devant lier les deux parties. Par ailleurs, l\u2019institution bas\u00e9e au Caire a valid\u00e9 et homologu\u00e9 divers plans d\u2019action des commissions techniques. Sur le terrain, apr\u00e8s le site de Garoua, un atelier de formation \u00e0 l\u2019attention des responsables des infrastructures sportives du site de Limbe-Buea s\u2019ach\u00e8ve ce jour. Ces derniers sont outill\u00e9s sur l\u2019entretien des pelouses, la gestion des entr\u00e9es-sorties et l\u2019audit des stades. Le m\u00eame exercice va se r\u00e9p\u00e9ter dans les prochains jours sur les quatre autres sites. Actuellement, six personnes occupent le bureau allou\u00e9 \u00e0 la CAF \u00e0 Yaound\u00e9. Les coordonnateurs g\u00e9n\u00e9raux de la CAF sont d\u00e9j\u00e0 sur place sur les sites de Garoua, de Bafoussam, de Limbe-Buea. Ils vont travailler avec les coordonnateurs des sites jusqu\u2019au d\u00e9but de la comp\u00e9tition. Pendant les travaux d\u2019hier, les dotations budg\u00e9taires de certains pans de l\u2019organisation ont \u00e9t\u00e9 indiqu\u00e9es. Des budgets autoris\u00e9s par la haute hi\u00e9rarchie fortement marqu\u00e9s par le contexte actuel de restriction financi\u00e8re. Ce qui induit une grande rigueur dans la gestion des moyens, de l\u2019ing\u00e9niosit\u00e9 et de la productivit\u00e9 afin d\u2019att\u00e9nuer les effets de la r\u00e9vision drastique du projet de budget. En cons\u00e9quence, Kombi a demand\u00e9 aux responsables des commissions de faire preuve de cr\u00e9ativit\u00e9 dans la mat\u00e9rialisation de certains espaces. C\u2019est le cas notamment des fanzones ou encore des villages CAN.&nbsp;<\/p>\n\n\n\n<p>R. S.<\/p>\n","protected":false},"excerpt":{"rendered":"<p>L\u2019\u00e9v\u00e9nement continental de la balle ronde aura lieu au mois de janvier prochain au Cameroun. C\u2019est le compte \u00e0 rebours<\/p>\n","protected":false},"author":3,"featured_media":9948,"comment_status":"open","ping_status":"closed","sticky":false,"template":"","format":"standard","meta":{"colormag_page_container_layout":"default_layout","colormag_page_sidebar_layout":"default_layout","om_disable_all_campaigns":false,"_monsterinsights_skip_tracking":false,"_monsterinsights_sitenote_active":false,"_monsterinsights_sitenote_note":"","_monsterinsights_sitenote_category":0,"footnotes":"","_wpscppro_dont_share_socialmedia":false,"_wpscppro_custom_social_share_image":0,"_facebook_share_type":"","_twitter_share_type":"","_linkedin_share_type":"","_pinterest_share_type":"","_linkedin_share_type_page":"","_instagram_share_type":"","_medium_share_type":"","_threads_share_type":"","_google_business_share_type":"","_selected_social_profile":[],"_wpsp_enable_custom_social_template":false,"_wpsp_social_scheduling":{"enabled":false,"datetime":null,"platforms":[],"status":"template_only","dateOption":"today","timeOption":"now","customDays":"","customHours":"","customDate":"","customTime":"","schedulingType":"absolute"},"_wpsp_active_default_template":true},"categories":[33],"tags":[],"class_list":["post-9941","post","type-post","status-publish","format-standard","has-post-thumbnail","hentry","category-sports"],"aioseo_notices":[],"yoast_head":"<!-- This site is optimized with the Yoast SEO plugin v27.5 - https:\/\/yoast.com\/product\/yoast-seo-wordpress\/ -->\n<title>Organisation de la CAN-2021 : La vitesse sup\u00e9rieure - La Sentinelle<\/title>\n<meta name=\"robots\" content=\"index, follow, max-snippet:-1, max-image-preview:large, max-video-preview:-1\" \/>\n<link rel=\"canonical\" href=\"https:\/\/lasentinelle.dz\/index.php\/2021\/10\/06\/organisation-de-la-can-2021-la-vitesse-superieure\/\" \/>\n<meta property=\"og:locale\" content=\"fr_FR\" \/>\n<meta property=\"og:type\" content=\"article\" \/>\n<meta property=\"og:title\" content=\"Organisation de la CAN-2021 : La vitesse sup\u00e9rieure - La Sentinelle\" \/>\n<meta property=\"og:description\" content=\"L\u2019\u00e9v\u00e9nement continental de la balle ronde aura lieu au mois de janvier prochain au Cameroun. C\u2019est le compte \u00e0 rebours\" \/>\n<meta property=\"og:url\" content=\"https:\/\/lasentinelle.dz\/index.php\/2021\/10\/06\/organisation-de-la-can-2021-la-vitesse-superieure\/\" \/>\n<meta property=\"og:site_name\" content=\"La Sentinelle\" \/>\n<meta property=\"article:publisher\" content=\"https:\/\/www.facebook.com\/La-Sentinelle-104059864394773\" \/>\n<meta property=\"article:published_time\" content=\"2021-10-05T23:01:00+00:00\" \/>\n<meta property=\"og:image\" content=\"https:\/\/lasentinelle.dz\/wp-content\/uploads\/2021\/10\/CAN.jpg\" \/>\n\t<meta property=\"og:image:width\" content=\"700\" \/>\n\t<meta property=\"og:image:height\" content=\"400\" \/>\n\t<meta property=\"og:image:type\" content=\"image\/jpeg\" \/>\n<meta name=\"author\" content=\"La Sentinelle\" \/>\n<meta name=\"twitter:card\" content=\"summary_large_image\" \/>\n<meta name=\"twitter:label1\" content=\"\u00c9crit par\" \/>\n\t<meta name=\"twitter:data1\" content=\"La Sentinelle\" \/>\n\t<meta name=\"twitter:label2\" content=\"Dur\u00e9e de lecture estim\u00e9e\" \/>\n\t<meta name=\"twitter:data2\" content=\"2 minutes\" \/>\n<script type=\"application\/ld+json\" class=\"yoast-schema-graph\">{\"@context\":\"https:\\\/\\\/schema.org\",\"@graph\":[{\"@type\":\"Article\",\"@id\":\"https:\\\/\\\/lasentinelle.dz\\\/index.php\\\/2021\\\/10\\\/06\\\/organisation-de-la-can-2021-la-vitesse-superieure\\\/#article\",\"isPartOf\":{\"@id\":\"https:\\\/\\\/lasentinelle.dz\\\/index.php\\\/2021\\\/10\\\/06\\\/organisation-de-la-can-2021-la-vitesse-superieure\\\/\"},\"author\":{\"name\":\"La Sentinelle\",\"@id\":\"https:\\\/\\\/lasentinelle.dz\\\/#\\\/schema\\\/person\\\/d865044e22e70a75174ce8bcad3acfb3\"},\"headline\":\"Organisation de la CAN-2021 : La vitesse sup\u00e9rieure\",\"datePublished\":\"2021-10-05T23:01:00+00:00\",\"mainEntityOfPage\":{\"@id\":\"https:\\\/\\\/lasentinelle.dz\\\/index.php\\\/2021\\\/10\\\/06\\\/organisation-de-la-can-2021-la-vitesse-superieure\\\/\"},\"wordCount\":464,\"commentCount\":0,\"publisher\":{\"@id\":\"https:\\\/\\\/lasentinelle.dz\\\/#organization\"},\"image\":{\"@id\":\"https:\\\/\\\/lasentinelle.dz\\\/index.php\\\/2021\\\/10\\\/06\\\/organisation-de-la-can-2021-la-vitesse-superieure\\\/#primaryimage\"},\"thumbnailUrl\":\"https:\\\/\\\/lasentinelle.dz\\\/wp-content\\\/uploads\\\/2021\\\/10\\\/CAN.jpg\",\"articleSection\":[\"Sports\"],\"inLanguage\":\"fr-FR\",\"potentialAction\":[{\"@type\":\"CommentAction\",\"name\":\"Comment\",\"target\":[\"https:\\\/\\\/lasentinelle.dz\\\/index.php\\\/2021\\\/10\\\/06\\\/organisation-de-la-can-2021-la-vitesse-superieure\\\/#respond\"]}]},{\"@type\":\"WebPage\",\"@id\":\"https:\\\/\\\/lasentinelle.dz\\\/index.php\\\/2021\\\/10\\\/06\\\/organisation-de-la-can-2021-la-vitesse-superieure\\\/\",\"url\":\"https:\\\/\\\/lasentinelle.dz\\\/index.php\\\/2021\\\/10\\\/06\\\/organisation-de-la-can-2021-la-vitesse-superieure\\\/\",\"name\":\"Organisation de la CAN-2021 : La vitesse sup\u00e9rieure - La Sentinelle\",\"isPartOf\":{\"@id\":\"https:\\\/\\\/lasentinelle.dz\\\/#website\"},\"primaryImageOfPage\":{\"@id\":\"https:\\\/\\\/lasentinelle.dz\\\/index.php\\\/2021\\\/10\\\/06\\\/organisation-de-la-can-2021-la-vitesse-superieure\\\/#primaryimage\"},\"image\":{\"@id\":\"https:\\\/\\\/lasentinelle.dz\\\/index.php\\\/2021\\\/10\\\/06\\\/organisation-de-la-can-2021-la-vitesse-superieure\\\/#primaryimage\"},\"thumbnailUrl\":\"https:\\\/\\\/lasentinelle.dz\\\/wp-content\\\/uploads\\\/2021\\\/10\\\/CAN.jpg\",\"datePublished\":\"2021-10-05T23:01:00+00:00\",\"breadcrumb\":{\"@id\":\"https:\\\/\\\/lasentinelle.dz\\\/index.php\\\/2021\\\/10\\\/06\\\/organisation-de-la-can-2021-la-vitesse-superieure\\\/#breadcrumb\"},\"inLanguage\":\"fr-FR\",\"potentialAction\":[{\"@type\":\"ReadAction\",\"target\":[\"https:\\\/\\\/lasentinelle.dz\\\/index.php\\\/2021\\\/10\\\/06\\\/organisation-de-la-can-2021-la-vitesse-superieure\\\/\"]}]},{\"@type\":\"ImageObject\",\"inLanguage\":\"fr-FR\",\"@id\":\"https:\\\/\\\/lasentinelle.dz\\\/index.php\\\/2021\\\/10\\\/06\\\/organisation-de-la-can-2021-la-vitesse-superieure\\\/#primaryimage\",\"url\":\"https:\\\/\\\/lasentinelle.dz\\\/wp-content\\\/uploads\\\/2021\\\/10\\\/CAN.jpg\",\"contentUrl\":\"https:\\\/\\\/lasentinelle.dz\\\/wp-content\\\/uploads\\\/2021\\\/10\\\/CAN.jpg\",\"width\":700,\"height\":400},{\"@type\":\"BreadcrumbList\",\"@id\":\"https:\\\/\\\/lasentinelle.dz\\\/index.php\\\/2021\\\/10\\\/06\\\/organisation-de-la-can-2021-la-vitesse-superieure\\\/#breadcrumb\",\"itemListElement\":[{\"@type\":\"ListItem\",\"position\":1,\"name\":\"Accueil\",\"item\":\"https:\\\/\\\/lasentinelle.dz\\\/\"},{\"@type\":\"ListItem\",\"position\":2,\"name\":\"Organisation de la CAN-2021 : La vitesse sup\u00e9rieure\"}]},{\"@type\":\"WebSite\",\"@id\":\"https:\\\/\\\/lasentinelle.dz\\\/#website\",\"url\":\"https:\\\/\\\/lasentinelle.dz\\\/\",\"name\":\"La Sentinelle\",\"description\":\"Quotidien national d&#039;information\",\"publisher\":{\"@id\":\"https:\\\/\\\/lasentinelle.dz\\\/#organization\"},\"potentialAction\":[{\"@type\":\"SearchAction\",\"target\":{\"@type\":\"EntryPoint\",\"urlTemplate\":\"https:\\\/\\\/lasentinelle.dz\\\/?s={search_term_string}\"},\"query-input\":{\"@type\":\"PropertyValueSpecification\",\"valueRequired\":true,\"valueName\":\"search_term_string\"}}],\"inLanguage\":\"fr-FR\"},{\"@type\":\"Organization\",\"@id\":\"https:\\\/\\\/lasentinelle.dz\\\/#organization\",\"name\":\"Quotidien La Sentinelle\",\"url\":\"https:\\\/\\\/lasentinelle.dz\\\/\",\"logo\":{\"@type\":\"ImageObject\",\"inLanguage\":\"fr-FR\",\"@id\":\"https:\\\/\\\/lasentinelle.dz\\\/#\\\/schema\\\/logo\\\/image\\\/\",\"url\":\"https:\\\/\\\/lasentinelle.dz\\\/wp-content\\\/uploads\\\/2021\\\/09\\\/logo-sentinelleSLOGAN-1.png\",\"contentUrl\":\"https:\\\/\\\/lasentinelle.dz\\\/wp-content\\\/uploads\\\/2021\\\/09\\\/logo-sentinelleSLOGAN-1.png\",\"width\":615,\"height\":142,\"caption\":\"Quotidien La Sentinelle\"},\"image\":{\"@id\":\"https:\\\/\\\/lasentinelle.dz\\\/#\\\/schema\\\/logo\\\/image\\\/\"},\"sameAs\":[\"https:\\\/\\\/www.facebook.com\\\/La-Sentinelle-104059864394773\"]},{\"@type\":\"Person\",\"@id\":\"https:\\\/\\\/lasentinelle.dz\\\/#\\\/schema\\\/person\\\/d865044e22e70a75174ce8bcad3acfb3\",\"name\":\"La Sentinelle\",\"image\":{\"@type\":\"ImageObject\",\"inLanguage\":\"fr-FR\",\"@id\":\"https:\\\/\\\/secure.gravatar.com\\\/avatar\\\/57de8e5d4b15d43fb361a71fbb36338450fe67865b528a43dd10ef7c51a20392?s=96&d=mm&r=g\",\"url\":\"https:\\\/\\\/secure.gravatar.com\\\/avatar\\\/57de8e5d4b15d43fb361a71fbb36338450fe67865b528a43dd10ef7c51a20392?s=96&d=mm&r=g\",\"contentUrl\":\"https:\\\/\\\/secure.gravatar.com\\\/avatar\\\/57de8e5d4b15d43fb361a71fbb36338450fe67865b528a43dd10ef7c51a20392?s=96&d=mm&r=g\",\"caption\":\"La Sentinelle\"},\"sameAs\":[\"http:\\\/\\\/www.lasentinelle.dz\"],\"url\":\"https:\\\/\\\/lasentinelle.dz\\\/author\\\/redaction\\\/\"}]}<\/script>\n<!-- \/ Yoast SEO plugin. -->","yoast_head_json":{"title":"Organisation de la CAN-2021 : La vitesse sup\u00e9rieure - La Sentinelle","robots":{"index":"index","follow":"follow","max-snippet":"max-snippet:-1","max-image-preview":"max-image-preview:large","max-video-preview":"max-video-preview:-1"},"canonical":"https:\/\/lasentinelle.dz\/index.php\/2021\/10\/06\/organisation-de-la-can-2021-la-vitesse-superieure\/","og_locale":"fr_FR","og_type":"article","og_title":"Organisation de la CAN-2021 : La vitesse sup\u00e9rieure - La Sentinelle","og_description":"L\u2019\u00e9v\u00e9nement continental de la balle ronde aura lieu au mois de janvier prochain au Cameroun. C\u2019est le compte \u00e0 rebours","og_url":"https:\/\/lasentinelle.dz\/index.php\/2021\/10\/06\/organisation-de-la-can-2021-la-vitesse-superieure\/","og_site_name":"La Sentinelle","article_publisher":"https:\/\/www.facebook.com\/La-Sentinelle-104059864394773","article_published_time":"2021-10-05T23:01:00+00:00","og_image":[{"width":700,"height":400,"url":"https:\/\/lasentinelle.dz\/wp-content\/uploads\/2021\/10\/CAN.jpg","type":"image\/jpeg"}],"author":"La Sentinelle","twitter_card":"summary_large_image","twitter_misc":{"\u00c9crit par":"La Sentinelle","Dur\u00e9e de lecture estim\u00e9e":"2 minutes"},"schema":{"@context":"https:\/\/schema.org","@graph":[{"@type":"Article","@id":"https:\/\/lasentinelle.dz\/index.php\/2021\/10\/06\/organisation-de-la-can-2021-la-vitesse-superieure\/#article","isPartOf":{"@id":"https:\/\/lasentinelle.dz\/index.php\/2021\/10\/06\/organisation-de-la-can-2021-la-vitesse-superieure\/"},"author":{"name":"La Sentinelle","@id":"https:\/\/lasentinelle.dz\/#\/schema\/person\/d865044e22e70a75174ce8bcad3acfb3"},"headline":"Organisation de la CAN-2021 : La vitesse sup\u00e9rieure","datePublished":"2021-10-05T23:01:00+00:00","mainEntityOfPage":{"@id":"https:\/\/lasentinelle.dz\/index.php\/2021\/10\/06\/organisation-de-la-can-2021-la-vitesse-superieure\/"},"wordCount":464,"commentCount":0,"publisher":{"@id":"https:\/\/lasentinelle.dz\/#organization"},"image":{"@id":"https:\/\/lasentinelle.dz\/index.php\/2021\/10\/06\/organisation-de-la-can-2021-la-vitesse-superieure\/#primaryimage"},"thumbnailUrl":"https:\/\/lasentinelle.dz\/wp-content\/uploads\/2021\/10\/CAN.jpg","articleSection":["Sports"],"inLanguage":"fr-FR","potentialAction":[{"@type":"CommentAction","name":"Comment","target":["https:\/\/lasentinelle.dz\/index.php\/2021\/10\/06\/organisation-de-la-can-2021-la-vitesse-superieure\/#respond"]}]},{"@type":"WebPage","@id":"https:\/\/lasentinelle.dz\/index.php\/2021\/10\/06\/organisation-de-la-can-2021-la-vitesse-superieure\/","url":"https:\/\/lasentinelle.dz\/index.php\/2021\/10\/06\/organisation-de-la-can-2021-la-vitesse-superieure\/","name":"Organisation de la CAN-2021 : La vitesse sup\u00e9rieure - La Sentinelle","isPartOf":{"@id":"https:\/\/lasentinelle.dz\/#website"},"primaryImageOfPage":{"@id":"https:\/\/lasentinelle.dz\/index.php\/2021\/10\/06\/organisation-de-la-can-2021-la-vitesse-superieure\/#primaryimage"},"image":{"@id":"https:\/\/lasentinelle.dz\/index.php\/2021\/10\/06\/organisation-de-la-can-2021-la-vitesse-superieure\/#primaryimage"},"thumbnailUrl":"https:\/\/lasentinelle.dz\/wp-content\/uploads\/2021\/10\/CAN.jpg","datePublished":"2021-10-05T23:01:00+00:00","breadcrumb":{"@id":"https:\/\/lasentinelle.dz\/index.php\/2021\/10\/06\/organisation-de-la-can-2021-la-vitesse-superieure\/#breadcrumb"},"inLanguage":"fr-FR","potentialAction":[{"@type":"ReadAction","target":["https:\/\/lasentinelle.dz\/index.php\/2021\/10\/06\/organisation-de-la-can-2021-la-vitesse-superieure\/"]}]},{"@type":"ImageObject","inLanguage":"fr-FR","@id":"https:\/\/lasentinelle.dz\/index.php\/2021\/10\/06\/organisation-de-la-can-2021-la-vitesse-superieure\/#primaryimage","url":"https:\/\/lasentinelle.dz\/wp-content\/uploads\/2021\/10\/CAN.jpg","contentUrl":"https:\/\/lasentinelle.dz\/wp-content\/uploads\/2021\/10\/CAN.jpg","width":700,"height":400},{"@type":"BreadcrumbList","@id":"https:\/\/lasentinelle.dz\/index.php\/2021\/10\/06\/organisation-de-la-can-2021-la-vitesse-superieure\/#breadcrumb","itemListElement":[{"@type":"ListItem","position":1,"name":"Accueil","item":"https:\/\/lasentinelle.dz\/"},{"@type":"ListItem","position":2,"name":"Organisation de la CAN-2021 : La vitesse sup\u00e9rieure"}]},{"@type":"WebSite","@id":"https:\/\/lasentinelle.dz\/#website","url":"https:\/\/lasentinelle.dz\/","name":"La Sentinelle","description":"Quotidien national d&#039;information","publisher":{"@id":"https:\/\/lasentinelle.dz\/#organization"},"potentialAction":[{"@type":"SearchAction","target":{"@type":"EntryPoint","urlTemplate":"https:\/\/lasentinelle.dz\/?s={search_term_string}"},"query-input":{"@type":"PropertyValueSpecification","valueRequired":true,"valueName":"search_term_string"}}],"inLanguage":"fr-FR"},{"@type":"Organization","@id":"https:\/\/lasentinelle.dz\/#organization","name":"Quotidien La Sentinelle","url":"https:\/\/lasentinelle.dz\/","logo":{"@type":"ImageObject","inLanguage":"fr-FR","@id":"https:\/\/lasentinelle.dz\/#\/schema\/logo\/image\/","url":"https:\/\/lasentinelle.dz\/wp-content\/uploads\/2021\/09\/logo-sentinelleSLOGAN-1.png","contentUrl":"https:\/\/lasentinelle.dz\/wp-content\/uploads\/2021\/09\/logo-sentinelleSLOGAN-1.png","width":615,"height":142,"caption":"Quotidien La Sentinelle"},"image":{"@id":"https:\/\/lasentinelle.dz\/#\/schema\/logo\/image\/"},"sameAs":["https:\/\/www.facebook.com\/La-Sentinelle-104059864394773"]},{"@type":"Person","@id":"https:\/\/lasentinelle.dz\/#\/schema\/person\/d865044e22e70a75174ce8bcad3acfb3","name":"La Sentinelle","image":{"@type":"ImageObject","inLanguage":"fr-FR","@id":"https:\/\/secure.gravatar.com\/avatar\/57de8e5d4b15d43fb361a71fbb36338450fe67865b528a43dd10ef7c51a20392?s=96&d=mm&r=g","url":"https:\/\/secure.gravatar.com\/avatar\/57de8e5d4b15d43fb361a71fbb36338450fe67865b528a43dd10ef7c51a20392?s=96&d=mm&r=g","contentUrl":"https:\/\/secure.gravatar.com\/avatar\/57de8e5d4b15d43fb361a71fbb36338450fe67865b528a43dd10ef7c51a20392?s=96&d=mm&r=g","caption":"La Sentinelle"},"sameAs":["http:\/\/www.lasentinelle.dz"],"url":"https:\/\/lasentinelle.dz\/author\/redaction\/"}]}},"_links":{"self":[{"href":"https:\/\/lasentinelle.dz\/index.php\/wp-json\/wp\/v2\/posts\/9941","targetHints":{"allow":["GET"]}}],"collection":[{"href":"https:\/\/lasentinelle.dz\/index.php\/wp-json\/wp\/v2\/posts"}],"about":[{"href":"https:\/\/lasentinelle.dz\/index.php\/wp-json\/wp\/v2\/types\/post"}],"author":[{"embeddable":true,"href":"https:\/\/lasentinelle.dz\/index.php\/wp-json\/wp\/v2\/users\/3"}],"replies":[{"embeddable":true,"href":"https:\/\/lasentinelle.dz\/index.php\/wp-json\/wp\/v2\/comments?post=9941"}],"version-history":[{"count":1,"href":"https:\/\/lasentinelle.dz\/index.php\/wp-json\/wp\/v2\/posts\/9941\/revisions"}],"predecessor-version":[{"id":9949,"href":"https:\/\/lasentinelle.dz\/index.php\/wp-json\/wp\/v2\/posts\/9941\/revisions\/9949"}],"wp:featuredmedia":[{"embeddable":true,"href":"https:\/\/lasentinelle.dz\/index.php\/wp-json\/wp\/v2\/media\/9948"}],"wp:attachment":[{"href":"https:\/\/lasentinelle.dz\/index.php\/wp-json\/wp\/v2\/media?parent=9941"}],"wp:term":[{"taxonomy":"category","embeddable":true,"href":"https:\/\/lasentinelle.dz\/index.php\/wp-json\/wp\/v2\/categories?post=9941"},{"taxonomy":"post_tag","embeddable":true,"href":"https:\/\/lasentinelle.dz\/index.php\/wp-json\/wp\/v2\/tags?post=9941"}],"curies":[{"name":"wp","href":"https:\/\/api.w.org\/{rel}","templated":true}]}}