{"id":9964,"date":"2021-10-06T00:01:00","date_gmt":"2021-10-05T23:01:00","guid":{"rendered":"https:\/\/lasentinelle.dz\/?p=9964"},"modified":"2021-10-05T17:52:41","modified_gmt":"2021-10-05T16:52:41","slug":"ressources-en-eau-vers-la-realisation-de-deux-projets-pilotes-integres","status":"publish","type":"post","link":"https:\/\/lasentinelle.dz\/index.php\/2021\/10\/06\/ressources-en-eau-vers-la-realisation-de-deux-projets-pilotes-integres\/","title":{"rendered":"Ressources en eau : Vers la r\u00e9alisation de deux projets pilotes int\u00e9gr\u00e9s"},"content":{"rendered":"\n<p>La r\u00e9alisation de deux projets pilotes int\u00e9gr\u00e9s au niveau des infrastructures hydrauliques a \u00e9t\u00e9 au menu des discussions du ministre des ressources en eaux et de la S\u00e9curit\u00e9 hydrique, Karim Hasni qui recevait lundi l&rsquo;ambassadeur du Portugal \u00e0 Alger, Luiz de Albuquerque Veloso. Dans un communiqu\u00e9 du minist\u00e8re sanctionant cette rencontre, on fait savoir que ce projet inscrit dans le cadre de la coop\u00e9ration entre les deux pays sera r\u00e9alis\u00e9 au niveau du barrage de Beni Haroun \u00e0 l&rsquo;Est du pays pour la production de l&rsquo;\u00e9nergie renouvelable et d&rsquo;un autre au p\u00e9rim\u00e8tre irrigu\u00e9 de Hennaya (Tlemcen) concernant la r\u00e9utilisation des eaux us\u00e9es \u00e9pur\u00e9es en agriculture.<\/p>\n\n\n\n<p>Le m\u00eame communiqu\u00e9 indique que cette audience, tenue lundi au si\u00e8ge du minist\u00e8re, s&rsquo;inscrit dans le cadre d&rsquo;une visite d&rsquo;\u00e9valuation de l&rsquo;\u00e9tat de la coop\u00e9ration bilat\u00e9rale dans le domaine des ressources en eau afin d&rsquo;examiner les voies et moyens pour l&rsquo;insuffler davantage et la hisser au diapason des excellentes relations politiques et les liens historiques qui unissent les deux pays. Le bilan des r\u00e9alisations des entreprises portugaises dans le domaine des ressources en eau \u00ab\u00a0pourrait s&rsquo;am\u00e9liorer par la promotion de partenariats \u00e9conomiques bas\u00e9s sur les nouvelles orientations strat\u00e9giques du secteur des ressources en eau\u00a0\u00bb a ainsi assur\u00e9 M.&nbsp; Karim Hasni qui a expos\u00e9 les nouveaux d\u00e9fis auxquels fait face notre pays par apport au contexte actuel de stress hydrique qui fait de l&rsquo;Alg\u00e9rie un pays de plus en plus aride.Contraint de \u00a0\u00bb s&rsquo;orienter vers une mobilisation des ressources non conventionnelles notamment le dessalement de l&rsquo;eau de mer\u00a0\u00bb, l\u2019Alg\u00e9rie, explique le ministre, a mis au point un programme en mati\u00e8re de dessalement de l&rsquo;eau de mer et a invit\u00e9 les entreprises portugaises \u00e0 faire des propositions d&rsquo;investissement qui seront discut\u00e9s entre les deux parties.<\/p>\n\n\n\n<p>Il convient de noter que la baisse de la pluviom\u00e9trie enregistr\u00e9e durant les trois derni\u00e8res ann\u00e9es a provoqu\u00e9 un d\u00e9ficit dans la quantit\u00e9 d\u2019eau superficielle stock\u00e9e dans les barrages causant une perte du volume de production de pr\u00e8s de moiti\u00e9 passant de 1,3 million m3\/jour \u00e0 750.000 m3\/jour\u00a0\u00bb.<\/p>\n\n\n\n<p><strong>Akli Amor<\/strong><\/p>\n","protected":false},"excerpt":{"rendered":"<p>La r\u00e9alisation de deux projets pilotes int\u00e9gr\u00e9s au niveau des infrastructures hydrauliques a \u00e9t\u00e9 au menu des discussions du ministre<\/p>\n","protected":false},"author":3,"featured_media":9965,"comment_status":"open","ping_status":"closed","sticky":false,"template":"","format":"standard","meta":{"colormag_page_container_layout":"default_layout","colormag_page_sidebar_layout":"default_layout","om_disable_all_campaigns":false,"_monsterinsights_skip_tracking":false,"_monsterinsights_sitenote_active":false,"_monsterinsights_sitenote_note":"","_monsterinsights_sitenote_category":0,"footnotes":"","_wpscppro_dont_share_socialmedia":false,"_wpscppro_custom_social_share_image":0,"_facebook_share_type":"","_twitter_share_type":"","_linkedin_share_type":"","_pinterest_share_type":"","_linkedin_share_type_page":"","_instagram_share_type":"","_medium_share_type":"","_threads_share_type":"","_google_business_share_type":"","_selected_social_profile":[],"_wpsp_enable_custom_social_template":false,"_wpsp_social_scheduling":{"enabled":false,"datetime":null,"platforms":[],"status":"template_only","dateOption":"today","timeOption":"now","customDays":"","customHours":"","customDate":"","customTime":"","schedulingType":"absolute"},"_wpsp_active_default_template":true},"categories":[29],"tags":[],"class_list":["post-9964","post","type-post","status-publish","format-standard","has-post-thumbnail","hentry","category-economie"],"aioseo_notices":[],"yoast_head":"<!-- This site is optimized with the Yoast SEO plugin v27.5 - https:\/\/yoast.com\/product\/yoast-seo-wordpress\/ -->\n<title>Ressources en eau : Vers la r\u00e9alisation de deux projets pilotes int\u00e9gr\u00e9s - La Sentinelle<\/title>\n<meta name=\"robots\" content=\"index, follow, max-snippet:-1, max-image-preview:large, max-video-preview:-1\" \/>\n<link rel=\"canonical\" href=\"https:\/\/lasentinelle.dz\/index.php\/2021\/10\/06\/ressources-en-eau-vers-la-realisation-de-deux-projets-pilotes-integres\/\" \/>\n<meta property=\"og:locale\" content=\"fr_FR\" \/>\n<meta property=\"og:type\" content=\"article\" \/>\n<meta property=\"og:title\" content=\"Ressources en eau : Vers la r\u00e9alisation de deux projets pilotes int\u00e9gr\u00e9s - La Sentinelle\" \/>\n<meta property=\"og:description\" content=\"La r\u00e9alisation de deux projets pilotes int\u00e9gr\u00e9s au niveau des infrastructures hydrauliques a \u00e9t\u00e9 au menu des discussions du ministre\" \/>\n<meta property=\"og:url\" content=\"https:\/\/lasentinelle.dz\/index.php\/2021\/10\/06\/ressources-en-eau-vers-la-realisation-de-deux-projets-pilotes-integres\/\" \/>\n<meta property=\"og:site_name\" content=\"La Sentinelle\" \/>\n<meta property=\"article:publisher\" content=\"https:\/\/www.facebook.com\/La-Sentinelle-104059864394773\" \/>\n<meta property=\"article:published_time\" content=\"2021-10-05T23:01:00+00:00\" \/>\n<meta property=\"og:image\" content=\"https:\/\/lasentinelle.dz\/wp-content\/uploads\/2021\/10\/image_2021-10-05_175232.png\" \/>\n\t<meta property=\"og:image:width\" content=\"738\" \/>\n\t<meta property=\"og:image:height\" content=\"692\" \/>\n\t<meta property=\"og:image:type\" content=\"image\/png\" \/>\n<meta name=\"author\" content=\"La Sentinelle\" \/>\n<meta name=\"twitter:card\" content=\"summary_large_image\" \/>\n<meta name=\"twitter:label1\" content=\"\u00c9crit par\" \/>\n\t<meta name=\"twitter:data1\" content=\"La Sentinelle\" \/>\n\t<meta name=\"twitter:label2\" content=\"Dur\u00e9e de lecture estim\u00e9e\" \/>\n\t<meta name=\"twitter:data2\" content=\"2 minutes\" \/>\n<script type=\"application\/ld+json\" class=\"yoast-schema-graph\">{\"@context\":\"https:\\\/\\\/schema.org\",\"@graph\":[{\"@type\":\"Article\",\"@id\":\"https:\\\/\\\/lasentinelle.dz\\\/index.php\\\/2021\\\/10\\\/06\\\/ressources-en-eau-vers-la-realisation-de-deux-projets-pilotes-integres\\\/#article\",\"isPartOf\":{\"@id\":\"https:\\\/\\\/lasentinelle.dz\\\/index.php\\\/2021\\\/10\\\/06\\\/ressources-en-eau-vers-la-realisation-de-deux-projets-pilotes-integres\\\/\"},\"author\":{\"name\":\"La Sentinelle\",\"@id\":\"https:\\\/\\\/lasentinelle.dz\\\/#\\\/schema\\\/person\\\/d865044e22e70a75174ce8bcad3acfb3\"},\"headline\":\"Ressources en eau : Vers la r\u00e9alisation de deux projets pilotes int\u00e9gr\u00e9s\",\"datePublished\":\"2021-10-05T23:01:00+00:00\",\"mainEntityOfPage\":{\"@id\":\"https:\\\/\\\/lasentinelle.dz\\\/index.php\\\/2021\\\/10\\\/06\\\/ressources-en-eau-vers-la-realisation-de-deux-projets-pilotes-integres\\\/\"},\"wordCount\":400,\"commentCount\":0,\"publisher\":{\"@id\":\"https:\\\/\\\/lasentinelle.dz\\\/#organization\"},\"image\":{\"@id\":\"https:\\\/\\\/lasentinelle.dz\\\/index.php\\\/2021\\\/10\\\/06\\\/ressources-en-eau-vers-la-realisation-de-deux-projets-pilotes-integres\\\/#primaryimage\"},\"thumbnailUrl\":\"https:\\\/\\\/lasentinelle.dz\\\/wp-content\\\/uploads\\\/2021\\\/10\\\/image_2021-10-05_175232.png\",\"articleSection\":[\"\u00c9conomie\"],\"inLanguage\":\"fr-FR\",\"potentialAction\":[{\"@type\":\"CommentAction\",\"name\":\"Comment\",\"target\":[\"https:\\\/\\\/lasentinelle.dz\\\/index.php\\\/2021\\\/10\\\/06\\\/ressources-en-eau-vers-la-realisation-de-deux-projets-pilotes-integres\\\/#respond\"]}]},{\"@type\":\"WebPage\",\"@id\":\"https:\\\/\\\/lasentinelle.dz\\\/index.php\\\/2021\\\/10\\\/06\\\/ressources-en-eau-vers-la-realisation-de-deux-projets-pilotes-integres\\\/\",\"url\":\"https:\\\/\\\/lasentinelle.dz\\\/index.php\\\/2021\\\/10\\\/06\\\/ressources-en-eau-vers-la-realisation-de-deux-projets-pilotes-integres\\\/\",\"name\":\"Ressources en eau : Vers la r\u00e9alisation de deux projets pilotes int\u00e9gr\u00e9s - La Sentinelle\",\"isPartOf\":{\"@id\":\"https:\\\/\\\/lasentinelle.dz\\\/#website\"},\"primaryImageOfPage\":{\"@id\":\"https:\\\/\\\/lasentinelle.dz\\\/index.php\\\/2021\\\/10\\\/06\\\/ressources-en-eau-vers-la-realisation-de-deux-projets-pilotes-integres\\\/#primaryimage\"},\"image\":{\"@id\":\"https:\\\/\\\/lasentinelle.dz\\\/index.php\\\/2021\\\/10\\\/06\\\/ressources-en-eau-vers-la-realisation-de-deux-projets-pilotes-integres\\\/#primaryimage\"},\"thumbnailUrl\":\"https:\\\/\\\/lasentinelle.dz\\\/wp-content\\\/uploads\\\/2021\\\/10\\\/image_2021-10-05_175232.png\",\"datePublished\":\"2021-10-05T23:01:00+00:00\",\"breadcrumb\":{\"@id\":\"https:\\\/\\\/lasentinelle.dz\\\/index.php\\\/2021\\\/10\\\/06\\\/ressources-en-eau-vers-la-realisation-de-deux-projets-pilotes-integres\\\/#breadcrumb\"},\"inLanguage\":\"fr-FR\",\"potentialAction\":[{\"@type\":\"ReadAction\",\"target\":[\"https:\\\/\\\/lasentinelle.dz\\\/index.php\\\/2021\\\/10\\\/06\\\/ressources-en-eau-vers-la-realisation-de-deux-projets-pilotes-integres\\\/\"]}]},{\"@type\":\"ImageObject\",\"inLanguage\":\"fr-FR\",\"@id\":\"https:\\\/\\\/lasentinelle.dz\\\/index.php\\\/2021\\\/10\\\/06\\\/ressources-en-eau-vers-la-realisation-de-deux-projets-pilotes-integres\\\/#primaryimage\",\"url\":\"https:\\\/\\\/lasentinelle.dz\\\/wp-content\\\/uploads\\\/2021\\\/10\\\/image_2021-10-05_175232.png\",\"contentUrl\":\"https:\\\/\\\/lasentinelle.dz\\\/wp-content\\\/uploads\\\/2021\\\/10\\\/image_2021-10-05_175232.png\",\"width\":738,\"height\":692},{\"@type\":\"BreadcrumbList\",\"@id\":\"https:\\\/\\\/lasentinelle.dz\\\/index.php\\\/2021\\\/10\\\/06\\\/ressources-en-eau-vers-la-realisation-de-deux-projets-pilotes-integres\\\/#breadcrumb\",\"itemListElement\":[{\"@type\":\"ListItem\",\"position\":1,\"name\":\"Accueil\",\"item\":\"https:\\\/\\\/lasentinelle.dz\\\/\"},{\"@type\":\"ListItem\",\"position\":2,\"name\":\"Ressources en eau : Vers la r\u00e9alisation de deux projets pilotes int\u00e9gr\u00e9s\"}]},{\"@type\":\"WebSite\",\"@id\":\"https:\\\/\\\/lasentinelle.dz\\\/#website\",\"url\":\"https:\\\/\\\/lasentinelle.dz\\\/\",\"name\":\"La Sentinelle\",\"description\":\"Quotidien national d&#039;information\",\"publisher\":{\"@id\":\"https:\\\/\\\/lasentinelle.dz\\\/#organization\"},\"potentialAction\":[{\"@type\":\"SearchAction\",\"target\":{\"@type\":\"EntryPoint\",\"urlTemplate\":\"https:\\\/\\\/lasentinelle.dz\\\/?s={search_term_string}\"},\"query-input\":{\"@type\":\"PropertyValueSpecification\",\"valueRequired\":true,\"valueName\":\"search_term_string\"}}],\"inLanguage\":\"fr-FR\"},{\"@type\":\"Organization\",\"@id\":\"https:\\\/\\\/lasentinelle.dz\\\/#organization\",\"name\":\"Quotidien La Sentinelle\",\"url\":\"https:\\\/\\\/lasentinelle.dz\\\/\",\"logo\":{\"@type\":\"ImageObject\",\"inLanguage\":\"fr-FR\",\"@id\":\"https:\\\/\\\/lasentinelle.dz\\\/#\\\/schema\\\/logo\\\/image\\\/\",\"url\":\"https:\\\/\\\/lasentinelle.dz\\\/wp-content\\\/uploads\\\/2021\\\/09\\\/logo-sentinelleSLOGAN-1.png\",\"contentUrl\":\"https:\\\/\\\/lasentinelle.dz\\\/wp-content\\\/uploads\\\/2021\\\/09\\\/logo-sentinelleSLOGAN-1.png\",\"width\":615,\"height\":142,\"caption\":\"Quotidien La Sentinelle\"},\"image\":{\"@id\":\"https:\\\/\\\/lasentinelle.dz\\\/#\\\/schema\\\/logo\\\/image\\\/\"},\"sameAs\":[\"https:\\\/\\\/www.facebook.com\\\/La-Sentinelle-104059864394773\"]},{\"@type\":\"Person\",\"@id\":\"https:\\\/\\\/lasentinelle.dz\\\/#\\\/schema\\\/person\\\/d865044e22e70a75174ce8bcad3acfb3\",\"name\":\"La Sentinelle\",\"image\":{\"@type\":\"ImageObject\",\"inLanguage\":\"fr-FR\",\"@id\":\"https:\\\/\\\/secure.gravatar.com\\\/avatar\\\/57de8e5d4b15d43fb361a71fbb36338450fe67865b528a43dd10ef7c51a20392?s=96&d=mm&r=g\",\"url\":\"https:\\\/\\\/secure.gravatar.com\\\/avatar\\\/57de8e5d4b15d43fb361a71fbb36338450fe67865b528a43dd10ef7c51a20392?s=96&d=mm&r=g\",\"contentUrl\":\"https:\\\/\\\/secure.gravatar.com\\\/avatar\\\/57de8e5d4b15d43fb361a71fbb36338450fe67865b528a43dd10ef7c51a20392?s=96&d=mm&r=g\",\"caption\":\"La Sentinelle\"},\"sameAs\":[\"http:\\\/\\\/www.lasentinelle.dz\"],\"url\":\"https:\\\/\\\/lasentinelle.dz\\\/author\\\/redaction\\\/\"}]}<\/script>\n<!-- \/ Yoast SEO plugin. -->","yoast_head_json":{"title":"Ressources en eau : Vers la r\u00e9alisation de deux projets pilotes int\u00e9gr\u00e9s - La Sentinelle","robots":{"index":"index","follow":"follow","max-snippet":"max-snippet:-1","max-image-preview":"max-image-preview:large","max-video-preview":"max-video-preview:-1"},"canonical":"https:\/\/lasentinelle.dz\/index.php\/2021\/10\/06\/ressources-en-eau-vers-la-realisation-de-deux-projets-pilotes-integres\/","og_locale":"fr_FR","og_type":"article","og_title":"Ressources en eau : Vers la r\u00e9alisation de deux projets pilotes int\u00e9gr\u00e9s - La Sentinelle","og_description":"La r\u00e9alisation de deux projets pilotes int\u00e9gr\u00e9s au niveau des infrastructures hydrauliques a \u00e9t\u00e9 au menu des discussions du ministre","og_url":"https:\/\/lasentinelle.dz\/index.php\/2021\/10\/06\/ressources-en-eau-vers-la-realisation-de-deux-projets-pilotes-integres\/","og_site_name":"La Sentinelle","article_publisher":"https:\/\/www.facebook.com\/La-Sentinelle-104059864394773","article_published_time":"2021-10-05T23:01:00+00:00","og_image":[{"width":738,"height":692,"url":"https:\/\/lasentinelle.dz\/wp-content\/uploads\/2021\/10\/image_2021-10-05_175232.png","type":"image\/png"}],"author":"La Sentinelle","twitter_card":"summary_large_image","twitter_misc":{"\u00c9crit par":"La Sentinelle","Dur\u00e9e de lecture estim\u00e9e":"2 minutes"},"schema":{"@context":"https:\/\/schema.org","@graph":[{"@type":"Article","@id":"https:\/\/lasentinelle.dz\/index.php\/2021\/10\/06\/ressources-en-eau-vers-la-realisation-de-deux-projets-pilotes-integres\/#article","isPartOf":{"@id":"https:\/\/lasentinelle.dz\/index.php\/2021\/10\/06\/ressources-en-eau-vers-la-realisation-de-deux-projets-pilotes-integres\/"},"author":{"name":"La Sentinelle","@id":"https:\/\/lasentinelle.dz\/#\/schema\/person\/d865044e22e70a75174ce8bcad3acfb3"},"headline":"Ressources en eau : Vers la r\u00e9alisation de deux projets pilotes int\u00e9gr\u00e9s","datePublished":"2021-10-05T23:01:00+00:00","mainEntityOfPage":{"@id":"https:\/\/lasentinelle.dz\/index.php\/2021\/10\/06\/ressources-en-eau-vers-la-realisation-de-deux-projets-pilotes-integres\/"},"wordCount":400,"commentCount":0,"publisher":{"@id":"https:\/\/lasentinelle.dz\/#organization"},"image":{"@id":"https:\/\/lasentinelle.dz\/index.php\/2021\/10\/06\/ressources-en-eau-vers-la-realisation-de-deux-projets-pilotes-integres\/#primaryimage"},"thumbnailUrl":"https:\/\/lasentinelle.dz\/wp-content\/uploads\/2021\/10\/image_2021-10-05_175232.png","articleSection":["\u00c9conomie"],"inLanguage":"fr-FR","potentialAction":[{"@type":"CommentAction","name":"Comment","target":["https:\/\/lasentinelle.dz\/index.php\/2021\/10\/06\/ressources-en-eau-vers-la-realisation-de-deux-projets-pilotes-integres\/#respond"]}]},{"@type":"WebPage","@id":"https:\/\/lasentinelle.dz\/index.php\/2021\/10\/06\/ressources-en-eau-vers-la-realisation-de-deux-projets-pilotes-integres\/","url":"https:\/\/lasentinelle.dz\/index.php\/2021\/10\/06\/ressources-en-eau-vers-la-realisation-de-deux-projets-pilotes-integres\/","name":"Ressources en eau : Vers la r\u00e9alisation de deux projets pilotes int\u00e9gr\u00e9s - La Sentinelle","isPartOf":{"@id":"https:\/\/lasentinelle.dz\/#website"},"primaryImageOfPage":{"@id":"https:\/\/lasentinelle.dz\/index.php\/2021\/10\/06\/ressources-en-eau-vers-la-realisation-de-deux-projets-pilotes-integres\/#primaryimage"},"image":{"@id":"https:\/\/lasentinelle.dz\/index.php\/2021\/10\/06\/ressources-en-eau-vers-la-realisation-de-deux-projets-pilotes-integres\/#primaryimage"},"thumbnailUrl":"https:\/\/lasentinelle.dz\/wp-content\/uploads\/2021\/10\/image_2021-10-05_175232.png","datePublished":"2021-10-05T23:01:00+00:00","breadcrumb":{"@id":"https:\/\/lasentinelle.dz\/index.php\/2021\/10\/06\/ressources-en-eau-vers-la-realisation-de-deux-projets-pilotes-integres\/#breadcrumb"},"inLanguage":"fr-FR","potentialAction":[{"@type":"ReadAction","target":["https:\/\/lasentinelle.dz\/index.php\/2021\/10\/06\/ressources-en-eau-vers-la-realisation-de-deux-projets-pilotes-integres\/"]}]},{"@type":"ImageObject","inLanguage":"fr-FR","@id":"https:\/\/lasentinelle.dz\/index.php\/2021\/10\/06\/ressources-en-eau-vers-la-realisation-de-deux-projets-pilotes-integres\/#primaryimage","url":"https:\/\/lasentinelle.dz\/wp-content\/uploads\/2021\/10\/image_2021-10-05_175232.png","contentUrl":"https:\/\/lasentinelle.dz\/wp-content\/uploads\/2021\/10\/image_2021-10-05_175232.png","width":738,"height":692},{"@type":"BreadcrumbList","@id":"https:\/\/lasentinelle.dz\/index.php\/2021\/10\/06\/ressources-en-eau-vers-la-realisation-de-deux-projets-pilotes-integres\/#breadcrumb","itemListElement":[{"@type":"ListItem","position":1,"name":"Accueil","item":"https:\/\/lasentinelle.dz\/"},{"@type":"ListItem","position":2,"name":"Ressources en eau : Vers la r\u00e9alisation de deux projets pilotes int\u00e9gr\u00e9s"}]},{"@type":"WebSite","@id":"https:\/\/lasentinelle.dz\/#website","url":"https:\/\/lasentinelle.dz\/","name":"La Sentinelle","description":"Quotidien national d&#039;information","publisher":{"@id":"https:\/\/lasentinelle.dz\/#organization"},"potentialAction":[{"@type":"SearchAction","target":{"@type":"EntryPoint","urlTemplate":"https:\/\/lasentinelle.dz\/?s={search_term_string}"},"query-input":{"@type":"PropertyValueSpecification","valueRequired":true,"valueName":"search_term_string"}}],"inLanguage":"fr-FR"},{"@type":"Organization","@id":"https:\/\/lasentinelle.dz\/#organization","name":"Quotidien La Sentinelle","url":"https:\/\/lasentinelle.dz\/","logo":{"@type":"ImageObject","inLanguage":"fr-FR","@id":"https:\/\/lasentinelle.dz\/#\/schema\/logo\/image\/","url":"https:\/\/lasentinelle.dz\/wp-content\/uploads\/2021\/09\/logo-sentinelleSLOGAN-1.png","contentUrl":"https:\/\/lasentinelle.dz\/wp-content\/uploads\/2021\/09\/logo-sentinelleSLOGAN-1.png","width":615,"height":142,"caption":"Quotidien La Sentinelle"},"image":{"@id":"https:\/\/lasentinelle.dz\/#\/schema\/logo\/image\/"},"sameAs":["https:\/\/www.facebook.com\/La-Sentinelle-104059864394773"]},{"@type":"Person","@id":"https:\/\/lasentinelle.dz\/#\/schema\/person\/d865044e22e70a75174ce8bcad3acfb3","name":"La Sentinelle","image":{"@type":"ImageObject","inLanguage":"fr-FR","@id":"https:\/\/secure.gravatar.com\/avatar\/57de8e5d4b15d43fb361a71fbb36338450fe67865b528a43dd10ef7c51a20392?s=96&d=mm&r=g","url":"https:\/\/secure.gravatar.com\/avatar\/57de8e5d4b15d43fb361a71fbb36338450fe67865b528a43dd10ef7c51a20392?s=96&d=mm&r=g","contentUrl":"https:\/\/secure.gravatar.com\/avatar\/57de8e5d4b15d43fb361a71fbb36338450fe67865b528a43dd10ef7c51a20392?s=96&d=mm&r=g","caption":"La Sentinelle"},"sameAs":["http:\/\/www.lasentinelle.dz"],"url":"https:\/\/lasentinelle.dz\/author\/redaction\/"}]}},"_links":{"self":[{"href":"https:\/\/lasentinelle.dz\/index.php\/wp-json\/wp\/v2\/posts\/9964","targetHints":{"allow":["GET"]}}],"collection":[{"href":"https:\/\/lasentinelle.dz\/index.php\/wp-json\/wp\/v2\/posts"}],"about":[{"href":"https:\/\/lasentinelle.dz\/index.php\/wp-json\/wp\/v2\/types\/post"}],"author":[{"embeddable":true,"href":"https:\/\/lasentinelle.dz\/index.php\/wp-json\/wp\/v2\/users\/3"}],"replies":[{"embeddable":true,"href":"https:\/\/lasentinelle.dz\/index.php\/wp-json\/wp\/v2\/comments?post=9964"}],"version-history":[{"count":1,"href":"https:\/\/lasentinelle.dz\/index.php\/wp-json\/wp\/v2\/posts\/9964\/revisions"}],"predecessor-version":[{"id":9966,"href":"https:\/\/lasentinelle.dz\/index.php\/wp-json\/wp\/v2\/posts\/9964\/revisions\/9966"}],"wp:featuredmedia":[{"embeddable":true,"href":"https:\/\/lasentinelle.dz\/index.php\/wp-json\/wp\/v2\/media\/9965"}],"wp:attachment":[{"href":"https:\/\/lasentinelle.dz\/index.php\/wp-json\/wp\/v2\/media?parent=9964"}],"wp:term":[{"taxonomy":"category","embeddable":true,"href":"https:\/\/lasentinelle.dz\/index.php\/wp-json\/wp\/v2\/categories?post=9964"},{"taxonomy":"post_tag","embeddable":true,"href":"https:\/\/lasentinelle.dz\/index.php\/wp-json\/wp\/v2\/tags?post=9964"}],"curies":[{"name":"wp","href":"https:\/\/api.w.org\/{rel}","templated":true}]}}