{"id":9969,"date":"2021-10-06T00:01:00","date_gmt":"2021-10-05T23:01:00","guid":{"rendered":"https:\/\/lasentinelle.dz\/?p=9969"},"modified":"2021-10-05T18:15:58","modified_gmt":"2021-10-05T17:15:58","slug":"journee-internationale-de-lenseignant-belabed-salue-les-efforts-consentis-durant-la-pandemie","status":"publish","type":"post","link":"https:\/\/lasentinelle.dz\/index.php\/2021\/10\/06\/journee-internationale-de-lenseignant-belabed-salue-les-efforts-consentis-durant-la-pandemie\/","title":{"rendered":"Journ\u00e9e internationale de l\u2019enseignant : Belabed salue les efforts consentis durant la pand\u00e9mie"},"content":{"rendered":"\n<p>A l\u2019occasion de la Journ\u00e9e internationale de l\u2019enseignant, le ministre de l\u2019\u00c9ducation nationale,Abdelhakim Belabed a f\u00e9licit\u00e9 le corps enseignant alg\u00e9rien et a salu\u00e9 son sens du sacrifice pour la formation et l\u2019enseignement des g\u00e9n\u00e9rations d\u2019enfants. C\u00e9l\u00e9br\u00e9e cette ann\u00e9e, sous le th\u00e8me, \u00ab les enseignants au c\u0153ur de la relance de l\u2019\u00e9ducation \u00bb, la journ\u00e9e est, pour le ministre de l\u2019\u00c9ducation nationale, un symbole et une preuve de la place pr\u00e9pond\u00e9rante de l\u2019enseignant dans la soci\u00e9t\u00e9. Une place, ajoute-t-il dans sa lettre, qui a \u00e9t\u00e9 renforc\u00e9e et rehauss\u00e9e par son sens du sacrifice dont il a fait preuve depuis l\u2019apparition de la pand\u00e9mie du Covid 19 qui a n\u00e9cessit\u00e9 des mesures de r\u00e9ajustement des programmes et des horaires de travail dans les \u00e9tablissements scolaires.<\/p>\n\n\n\n<p>Le ministre a ainsi estim\u00e9 que l\u2019enseignant alg\u00e9rien a donn\u00e9 un exemple \u00e0 suivre en mati\u00e8re de respect des protocoles et des mesures barri\u00e8res en plus de son sens de sacrifice pour que nos enfants puissent poursuivre leurcursus scolaire malgr\u00e9 la pand\u00e9mie. Le sens de la discipline ainsi que la ma\u00eetrise de soi dont a fait preuve l\u2019enseignant est, pour M. Belabed, un indice du sens de responsabilit\u00e9 de cette cat\u00e9gorie qui s\u2019est sacrifi\u00e9e pour que l\u2019enseignement puisse continuer \u00e0 \u00eatre assur\u00e9 malgr\u00e9 le danger de la pand\u00e9mie qui p\u00e8se sur tous les personnel.&nbsp; Ce sens du sacrifice et le d\u00e9fi relev\u00e9 nous rappelle, ajoute M. Abdelhakim Belabed, les enseignants d\u00e9c\u00e9d\u00e9s des effets de cette maladie . Une mort survenue pendant qu\u2019ils exer\u00e7aient leur noble mission, ajoute le ministre qui leur a rendu un vibrant hommage.&nbsp; Pour rappel, le pr\u00e9sident de la R\u00e9publique, Abdelmadjid Tebboune, a salu\u00e9, lundi, les efforts des enseignants et professeurs dans l&rsquo;\u00e9ducation et la formation des jeunes g\u00e9n\u00e9rations qui constituent la richesse de la nation.\u00a0\u00bbA la veille de la c\u00e9l\u00e9bration de la Journ\u00e9e mondiale des enseignants (5 octobre), je pr\u00e9sente mes v\u0153ux, les meilleurs, aux enseignants et professeurs, femmes et hommes\u00a0\u00bb, a tweet\u00e9 le Pr\u00e9sident Tebboune.Le pr\u00e9sident de la R\u00e9publique a tenu, \u00e0 l&rsquo;occasion de la rentr\u00e9e scolaire, \u00e0 saluer les efforts consentis par ces enseignants et professeurs dans le cadre de \u00ab\u00a0l&rsquo;accomplissement de leur noble mission d&rsquo;\u00e9ducation et de formation des jeunes g\u00e9n\u00e9rations, nos filles et nos gar\u00e7ons, qui constituent la richesse de la nation et les b\u00e2tisseurs de l&rsquo;Alg\u00e9rie de demain, une Alg\u00e9rie fid\u00e8le \u00e0 notre glorieuse histoire\u00a0\u00bb.<\/p>\n\n\n\n<p>Il convient de noter que la Journ\u00e9e internationale de l\u2019enseignant est inscrite, cette ann\u00e9e, sous le th\u00e8me \u00ab l\u2019enseignant au c\u0153ur de la relance de l\u2019enseignement \u00bb par l\u2019Unesco qui affirme sur son site qu\u2019 \u00abun an et demi apr\u00e8s le d\u00e9but de la crise ducovid-19, la Journ\u00e9e mondiale des enseignants 2021 mettra l\u2019accent sur le soutien qu\u2019il convient d\u2019apporter aux enseignants pour qu\u2019ils participent pleinement au processus de relance. \u00c0 cet effet, cette organisation mentionne que \u00ab des \u00e9v\u00e9nements mondiaux et r\u00e9gionaux se d\u00e9rouleront sur cinq jours. Ils pr\u00e9senteront les cons\u00e9quences de la pand\u00e9mie sur la profession enseignante, en mettant en avant des r\u00e9ponses politiques efficaces et prometteuses, et auront pour objectif de d\u00e9finir les mesures \u00e0 prendre pour que le personnel enseignant d\u00e9veloppe tout son potentiel. Cette ann\u00e9e, les c\u00e9l\u00e9brations de la Journ\u00e9e mondiale des enseignants auront lieu en m\u00eame temps que la r\u00e9union du Comit\u00e9 conjoint OIT-UNESCO d\u2019experts sur l\u2019application des Recommandations concernant le personnel enseignant (CEART), qui se tiendra du 4 au 8 octobre 2021 \u00bb.<\/p>\n\n\n\n<p>Enfin, notons que cette Journ\u00e9e des enseignant(e)s&nbsp; c\u00e9l\u00e9br\u00e9e conjointement par l\u2019UNICEF, l\u2019Organisation internationale du Travail et l\u2019Internationale de l\u2019\u00e9ducation, a lieu chaque ann\u00e9e pour c\u00e9l\u00e9brer les enseignants \u00e0 travers le monde. Elle comm\u00e9more la signature de la Recommandation OIT\/UNESCO concernant la condition du personnel enseignant de 1966 qui fixe les crit\u00e8res de r\u00e9f\u00e9rence relatifs aux droits et aux responsabilit\u00e9s des enseignant(e)s ainsi que les normes fixant leur formation initiale et continue, leur recrutement, leur emploi et les conditions d\u2019enseignement et d\u2019apprentissage. La Recommandation concernant la condition du personnel enseignant de l\u2019enseignement sup\u00e9rieur, adopt\u00e9e en 1997, compl\u00e8te la Recommandation de 1966 pour y adjoindre le personnel de recherche et d&rsquo;enseignement de l&rsquo;enseignement sup\u00e9rieur. La Journ\u00e9e des enseignant(e)s est c\u00e9l\u00e9br\u00e9e depuis 1994.<\/p>\n\n\n\n<p><strong>Kamel Nait Ameur<\/strong><\/p>\n","protected":false},"excerpt":{"rendered":"<p>A l\u2019occasion de la Journ\u00e9e internationale de l\u2019enseignant, le ministre de l\u2019\u00c9ducation nationale,Abdelhakim Belabed a f\u00e9licit\u00e9 le corps enseignant alg\u00e9rien<\/p>\n","protected":false},"author":3,"featured_media":9973,"comment_status":"open","ping_status":"closed","sticky":false,"template":"","format":"standard","meta":{"colormag_page_container_layout":"default_layout","colormag_page_sidebar_layout":"default_layout","om_disable_all_campaigns":false,"_monsterinsights_skip_tracking":false,"_monsterinsights_sitenote_active":false,"_monsterinsights_sitenote_note":"","_monsterinsights_sitenote_category":0,"footnotes":"","_wpscppro_dont_share_socialmedia":false,"_wpscppro_custom_social_share_image":0,"_facebook_share_type":"","_twitter_share_type":"","_linkedin_share_type":"","_pinterest_share_type":"","_linkedin_share_type_page":"","_instagram_share_type":"","_medium_share_type":"","_threads_share_type":"","_google_business_share_type":"","_selected_social_profile":[],"_wpsp_enable_custom_social_template":false,"_wpsp_social_scheduling":{"enabled":false,"datetime":null,"platforms":[],"status":"template_only","dateOption":"today","timeOption":"now","customDays":"","customHours":"","customDate":"","customTime":"","schedulingType":"absolute"},"_wpsp_active_default_template":true},"categories":[27],"tags":[],"class_list":["post-9969","post","type-post","status-publish","format-standard","has-post-thumbnail","hentry","category-actualite"],"aioseo_notices":[],"yoast_head":"<!-- This site is optimized with the Yoast SEO plugin v27.5 - https:\/\/yoast.com\/product\/yoast-seo-wordpress\/ -->\n<title>Journ\u00e9e internationale de l\u2019enseignant : Belabed salue les efforts consentis durant la pand\u00e9mie - La Sentinelle<\/title>\n<meta name=\"robots\" content=\"index, follow, max-snippet:-1, max-image-preview:large, max-video-preview:-1\" \/>\n<link rel=\"canonical\" href=\"https:\/\/lasentinelle.dz\/index.php\/2021\/10\/06\/journee-internationale-de-lenseignant-belabed-salue-les-efforts-consentis-durant-la-pandemie\/\" \/>\n<meta property=\"og:locale\" content=\"fr_FR\" \/>\n<meta property=\"og:type\" content=\"article\" \/>\n<meta property=\"og:title\" content=\"Journ\u00e9e internationale de l\u2019enseignant : Belabed salue les efforts consentis durant la pand\u00e9mie - La Sentinelle\" \/>\n<meta property=\"og:description\" content=\"A l\u2019occasion de la Journ\u00e9e internationale de l\u2019enseignant, le ministre de l\u2019\u00c9ducation nationale,Abdelhakim Belabed a f\u00e9licit\u00e9 le corps enseignant alg\u00e9rien\" \/>\n<meta property=\"og:url\" content=\"https:\/\/lasentinelle.dz\/index.php\/2021\/10\/06\/journee-internationale-de-lenseignant-belabed-salue-les-efforts-consentis-durant-la-pandemie\/\" \/>\n<meta property=\"og:site_name\" content=\"La Sentinelle\" \/>\n<meta property=\"article:publisher\" content=\"https:\/\/www.facebook.com\/La-Sentinelle-104059864394773\" \/>\n<meta property=\"article:published_time\" content=\"2021-10-05T23:01:00+00:00\" \/>\n<meta property=\"og:image\" content=\"https:\/\/lasentinelle.dz\/wp-content\/uploads\/2021\/10\/image_2021-10-05_181554.png\" \/>\n\t<meta property=\"og:image:width\" content=\"322\" \/>\n\t<meta property=\"og:image:height\" content=\"223\" \/>\n\t<meta property=\"og:image:type\" content=\"image\/png\" \/>\n<meta name=\"author\" content=\"La Sentinelle\" \/>\n<meta name=\"twitter:card\" content=\"summary_large_image\" \/>\n<meta name=\"twitter:label1\" content=\"\u00c9crit par\" \/>\n\t<meta name=\"twitter:data1\" content=\"La Sentinelle\" \/>\n\t<meta name=\"twitter:label2\" content=\"Dur\u00e9e de lecture estim\u00e9e\" \/>\n\t<meta name=\"twitter:data2\" content=\"3 minutes\" \/>\n<script type=\"application\/ld+json\" class=\"yoast-schema-graph\">{\"@context\":\"https:\\\/\\\/schema.org\",\"@graph\":[{\"@type\":\"Article\",\"@id\":\"https:\\\/\\\/lasentinelle.dz\\\/index.php\\\/2021\\\/10\\\/06\\\/journee-internationale-de-lenseignant-belabed-salue-les-efforts-consentis-durant-la-pandemie\\\/#article\",\"isPartOf\":{\"@id\":\"https:\\\/\\\/lasentinelle.dz\\\/index.php\\\/2021\\\/10\\\/06\\\/journee-internationale-de-lenseignant-belabed-salue-les-efforts-consentis-durant-la-pandemie\\\/\"},\"author\":{\"name\":\"La Sentinelle\",\"@id\":\"https:\\\/\\\/lasentinelle.dz\\\/#\\\/schema\\\/person\\\/d865044e22e70a75174ce8bcad3acfb3\"},\"headline\":\"Journ\u00e9e internationale de l\u2019enseignant : Belabed salue les efforts consentis durant la pand\u00e9mie\",\"datePublished\":\"2021-10-05T23:01:00+00:00\",\"mainEntityOfPage\":{\"@id\":\"https:\\\/\\\/lasentinelle.dz\\\/index.php\\\/2021\\\/10\\\/06\\\/journee-internationale-de-lenseignant-belabed-salue-les-efforts-consentis-durant-la-pandemie\\\/\"},\"wordCount\":817,\"commentCount\":0,\"publisher\":{\"@id\":\"https:\\\/\\\/lasentinelle.dz\\\/#organization\"},\"image\":{\"@id\":\"https:\\\/\\\/lasentinelle.dz\\\/index.php\\\/2021\\\/10\\\/06\\\/journee-internationale-de-lenseignant-belabed-salue-les-efforts-consentis-durant-la-pandemie\\\/#primaryimage\"},\"thumbnailUrl\":\"https:\\\/\\\/lasentinelle.dz\\\/wp-content\\\/uploads\\\/2021\\\/10\\\/image_2021-10-05_181554.png\",\"articleSection\":[\"Actualit\u00e9\"],\"inLanguage\":\"fr-FR\",\"potentialAction\":[{\"@type\":\"CommentAction\",\"name\":\"Comment\",\"target\":[\"https:\\\/\\\/lasentinelle.dz\\\/index.php\\\/2021\\\/10\\\/06\\\/journee-internationale-de-lenseignant-belabed-salue-les-efforts-consentis-durant-la-pandemie\\\/#respond\"]}]},{\"@type\":\"WebPage\",\"@id\":\"https:\\\/\\\/lasentinelle.dz\\\/index.php\\\/2021\\\/10\\\/06\\\/journee-internationale-de-lenseignant-belabed-salue-les-efforts-consentis-durant-la-pandemie\\\/\",\"url\":\"https:\\\/\\\/lasentinelle.dz\\\/index.php\\\/2021\\\/10\\\/06\\\/journee-internationale-de-lenseignant-belabed-salue-les-efforts-consentis-durant-la-pandemie\\\/\",\"name\":\"Journ\u00e9e internationale de l\u2019enseignant : Belabed salue les efforts consentis durant la pand\u00e9mie - La Sentinelle\",\"isPartOf\":{\"@id\":\"https:\\\/\\\/lasentinelle.dz\\\/#website\"},\"primaryImageOfPage\":{\"@id\":\"https:\\\/\\\/lasentinelle.dz\\\/index.php\\\/2021\\\/10\\\/06\\\/journee-internationale-de-lenseignant-belabed-salue-les-efforts-consentis-durant-la-pandemie\\\/#primaryimage\"},\"image\":{\"@id\":\"https:\\\/\\\/lasentinelle.dz\\\/index.php\\\/2021\\\/10\\\/06\\\/journee-internationale-de-lenseignant-belabed-salue-les-efforts-consentis-durant-la-pandemie\\\/#primaryimage\"},\"thumbnailUrl\":\"https:\\\/\\\/lasentinelle.dz\\\/wp-content\\\/uploads\\\/2021\\\/10\\\/image_2021-10-05_181554.png\",\"datePublished\":\"2021-10-05T23:01:00+00:00\",\"breadcrumb\":{\"@id\":\"https:\\\/\\\/lasentinelle.dz\\\/index.php\\\/2021\\\/10\\\/06\\\/journee-internationale-de-lenseignant-belabed-salue-les-efforts-consentis-durant-la-pandemie\\\/#breadcrumb\"},\"inLanguage\":\"fr-FR\",\"potentialAction\":[{\"@type\":\"ReadAction\",\"target\":[\"https:\\\/\\\/lasentinelle.dz\\\/index.php\\\/2021\\\/10\\\/06\\\/journee-internationale-de-lenseignant-belabed-salue-les-efforts-consentis-durant-la-pandemie\\\/\"]}]},{\"@type\":\"ImageObject\",\"inLanguage\":\"fr-FR\",\"@id\":\"https:\\\/\\\/lasentinelle.dz\\\/index.php\\\/2021\\\/10\\\/06\\\/journee-internationale-de-lenseignant-belabed-salue-les-efforts-consentis-durant-la-pandemie\\\/#primaryimage\",\"url\":\"https:\\\/\\\/lasentinelle.dz\\\/wp-content\\\/uploads\\\/2021\\\/10\\\/image_2021-10-05_181554.png\",\"contentUrl\":\"https:\\\/\\\/lasentinelle.dz\\\/wp-content\\\/uploads\\\/2021\\\/10\\\/image_2021-10-05_181554.png\",\"width\":322,\"height\":223},{\"@type\":\"BreadcrumbList\",\"@id\":\"https:\\\/\\\/lasentinelle.dz\\\/index.php\\\/2021\\\/10\\\/06\\\/journee-internationale-de-lenseignant-belabed-salue-les-efforts-consentis-durant-la-pandemie\\\/#breadcrumb\",\"itemListElement\":[{\"@type\":\"ListItem\",\"position\":1,\"name\":\"Accueil\",\"item\":\"https:\\\/\\\/lasentinelle.dz\\\/\"},{\"@type\":\"ListItem\",\"position\":2,\"name\":\"Journ\u00e9e internationale de l\u2019enseignant : Belabed salue les efforts consentis durant la pand\u00e9mie\"}]},{\"@type\":\"WebSite\",\"@id\":\"https:\\\/\\\/lasentinelle.dz\\\/#website\",\"url\":\"https:\\\/\\\/lasentinelle.dz\\\/\",\"name\":\"La Sentinelle\",\"description\":\"Quotidien national d&#039;information\",\"publisher\":{\"@id\":\"https:\\\/\\\/lasentinelle.dz\\\/#organization\"},\"potentialAction\":[{\"@type\":\"SearchAction\",\"target\":{\"@type\":\"EntryPoint\",\"urlTemplate\":\"https:\\\/\\\/lasentinelle.dz\\\/?s={search_term_string}\"},\"query-input\":{\"@type\":\"PropertyValueSpecification\",\"valueRequired\":true,\"valueName\":\"search_term_string\"}}],\"inLanguage\":\"fr-FR\"},{\"@type\":\"Organization\",\"@id\":\"https:\\\/\\\/lasentinelle.dz\\\/#organization\",\"name\":\"Quotidien La Sentinelle\",\"url\":\"https:\\\/\\\/lasentinelle.dz\\\/\",\"logo\":{\"@type\":\"ImageObject\",\"inLanguage\":\"fr-FR\",\"@id\":\"https:\\\/\\\/lasentinelle.dz\\\/#\\\/schema\\\/logo\\\/image\\\/\",\"url\":\"https:\\\/\\\/lasentinelle.dz\\\/wp-content\\\/uploads\\\/2021\\\/09\\\/logo-sentinelleSLOGAN-1.png\",\"contentUrl\":\"https:\\\/\\\/lasentinelle.dz\\\/wp-content\\\/uploads\\\/2021\\\/09\\\/logo-sentinelleSLOGAN-1.png\",\"width\":615,\"height\":142,\"caption\":\"Quotidien La Sentinelle\"},\"image\":{\"@id\":\"https:\\\/\\\/lasentinelle.dz\\\/#\\\/schema\\\/logo\\\/image\\\/\"},\"sameAs\":[\"https:\\\/\\\/www.facebook.com\\\/La-Sentinelle-104059864394773\"]},{\"@type\":\"Person\",\"@id\":\"https:\\\/\\\/lasentinelle.dz\\\/#\\\/schema\\\/person\\\/d865044e22e70a75174ce8bcad3acfb3\",\"name\":\"La Sentinelle\",\"image\":{\"@type\":\"ImageObject\",\"inLanguage\":\"fr-FR\",\"@id\":\"https:\\\/\\\/secure.gravatar.com\\\/avatar\\\/57de8e5d4b15d43fb361a71fbb36338450fe67865b528a43dd10ef7c51a20392?s=96&d=mm&r=g\",\"url\":\"https:\\\/\\\/secure.gravatar.com\\\/avatar\\\/57de8e5d4b15d43fb361a71fbb36338450fe67865b528a43dd10ef7c51a20392?s=96&d=mm&r=g\",\"contentUrl\":\"https:\\\/\\\/secure.gravatar.com\\\/avatar\\\/57de8e5d4b15d43fb361a71fbb36338450fe67865b528a43dd10ef7c51a20392?s=96&d=mm&r=g\",\"caption\":\"La Sentinelle\"},\"sameAs\":[\"http:\\\/\\\/www.lasentinelle.dz\"],\"url\":\"https:\\\/\\\/lasentinelle.dz\\\/author\\\/redaction\\\/\"}]}<\/script>\n<!-- \/ Yoast SEO plugin. -->","yoast_head_json":{"title":"Journ\u00e9e internationale de l\u2019enseignant : Belabed salue les efforts consentis durant la pand\u00e9mie - La Sentinelle","robots":{"index":"index","follow":"follow","max-snippet":"max-snippet:-1","max-image-preview":"max-image-preview:large","max-video-preview":"max-video-preview:-1"},"canonical":"https:\/\/lasentinelle.dz\/index.php\/2021\/10\/06\/journee-internationale-de-lenseignant-belabed-salue-les-efforts-consentis-durant-la-pandemie\/","og_locale":"fr_FR","og_type":"article","og_title":"Journ\u00e9e internationale de l\u2019enseignant : Belabed salue les efforts consentis durant la pand\u00e9mie - La Sentinelle","og_description":"A l\u2019occasion de la Journ\u00e9e internationale de l\u2019enseignant, le ministre de l\u2019\u00c9ducation nationale,Abdelhakim Belabed a f\u00e9licit\u00e9 le corps enseignant alg\u00e9rien","og_url":"https:\/\/lasentinelle.dz\/index.php\/2021\/10\/06\/journee-internationale-de-lenseignant-belabed-salue-les-efforts-consentis-durant-la-pandemie\/","og_site_name":"La Sentinelle","article_publisher":"https:\/\/www.facebook.com\/La-Sentinelle-104059864394773","article_published_time":"2021-10-05T23:01:00+00:00","og_image":[{"width":322,"height":223,"url":"https:\/\/lasentinelle.dz\/wp-content\/uploads\/2021\/10\/image_2021-10-05_181554.png","type":"image\/png"}],"author":"La Sentinelle","twitter_card":"summary_large_image","twitter_misc":{"\u00c9crit par":"La Sentinelle","Dur\u00e9e de lecture estim\u00e9e":"3 minutes"},"schema":{"@context":"https:\/\/schema.org","@graph":[{"@type":"Article","@id":"https:\/\/lasentinelle.dz\/index.php\/2021\/10\/06\/journee-internationale-de-lenseignant-belabed-salue-les-efforts-consentis-durant-la-pandemie\/#article","isPartOf":{"@id":"https:\/\/lasentinelle.dz\/index.php\/2021\/10\/06\/journee-internationale-de-lenseignant-belabed-salue-les-efforts-consentis-durant-la-pandemie\/"},"author":{"name":"La Sentinelle","@id":"https:\/\/lasentinelle.dz\/#\/schema\/person\/d865044e22e70a75174ce8bcad3acfb3"},"headline":"Journ\u00e9e internationale de l\u2019enseignant : Belabed salue les efforts consentis durant la pand\u00e9mie","datePublished":"2021-10-05T23:01:00+00:00","mainEntityOfPage":{"@id":"https:\/\/lasentinelle.dz\/index.php\/2021\/10\/06\/journee-internationale-de-lenseignant-belabed-salue-les-efforts-consentis-durant-la-pandemie\/"},"wordCount":817,"commentCount":0,"publisher":{"@id":"https:\/\/lasentinelle.dz\/#organization"},"image":{"@id":"https:\/\/lasentinelle.dz\/index.php\/2021\/10\/06\/journee-internationale-de-lenseignant-belabed-salue-les-efforts-consentis-durant-la-pandemie\/#primaryimage"},"thumbnailUrl":"https:\/\/lasentinelle.dz\/wp-content\/uploads\/2021\/10\/image_2021-10-05_181554.png","articleSection":["Actualit\u00e9"],"inLanguage":"fr-FR","potentialAction":[{"@type":"CommentAction","name":"Comment","target":["https:\/\/lasentinelle.dz\/index.php\/2021\/10\/06\/journee-internationale-de-lenseignant-belabed-salue-les-efforts-consentis-durant-la-pandemie\/#respond"]}]},{"@type":"WebPage","@id":"https:\/\/lasentinelle.dz\/index.php\/2021\/10\/06\/journee-internationale-de-lenseignant-belabed-salue-les-efforts-consentis-durant-la-pandemie\/","url":"https:\/\/lasentinelle.dz\/index.php\/2021\/10\/06\/journee-internationale-de-lenseignant-belabed-salue-les-efforts-consentis-durant-la-pandemie\/","name":"Journ\u00e9e internationale de l\u2019enseignant : Belabed salue les efforts consentis durant la pand\u00e9mie - La Sentinelle","isPartOf":{"@id":"https:\/\/lasentinelle.dz\/#website"},"primaryImageOfPage":{"@id":"https:\/\/lasentinelle.dz\/index.php\/2021\/10\/06\/journee-internationale-de-lenseignant-belabed-salue-les-efforts-consentis-durant-la-pandemie\/#primaryimage"},"image":{"@id":"https:\/\/lasentinelle.dz\/index.php\/2021\/10\/06\/journee-internationale-de-lenseignant-belabed-salue-les-efforts-consentis-durant-la-pandemie\/#primaryimage"},"thumbnailUrl":"https:\/\/lasentinelle.dz\/wp-content\/uploads\/2021\/10\/image_2021-10-05_181554.png","datePublished":"2021-10-05T23:01:00+00:00","breadcrumb":{"@id":"https:\/\/lasentinelle.dz\/index.php\/2021\/10\/06\/journee-internationale-de-lenseignant-belabed-salue-les-efforts-consentis-durant-la-pandemie\/#breadcrumb"},"inLanguage":"fr-FR","potentialAction":[{"@type":"ReadAction","target":["https:\/\/lasentinelle.dz\/index.php\/2021\/10\/06\/journee-internationale-de-lenseignant-belabed-salue-les-efforts-consentis-durant-la-pandemie\/"]}]},{"@type":"ImageObject","inLanguage":"fr-FR","@id":"https:\/\/lasentinelle.dz\/index.php\/2021\/10\/06\/journee-internationale-de-lenseignant-belabed-salue-les-efforts-consentis-durant-la-pandemie\/#primaryimage","url":"https:\/\/lasentinelle.dz\/wp-content\/uploads\/2021\/10\/image_2021-10-05_181554.png","contentUrl":"https:\/\/lasentinelle.dz\/wp-content\/uploads\/2021\/10\/image_2021-10-05_181554.png","width":322,"height":223},{"@type":"BreadcrumbList","@id":"https:\/\/lasentinelle.dz\/index.php\/2021\/10\/06\/journee-internationale-de-lenseignant-belabed-salue-les-efforts-consentis-durant-la-pandemie\/#breadcrumb","itemListElement":[{"@type":"ListItem","position":1,"name":"Accueil","item":"https:\/\/lasentinelle.dz\/"},{"@type":"ListItem","position":2,"name":"Journ\u00e9e internationale de l\u2019enseignant : Belabed salue les efforts consentis durant la pand\u00e9mie"}]},{"@type":"WebSite","@id":"https:\/\/lasentinelle.dz\/#website","url":"https:\/\/lasentinelle.dz\/","name":"La Sentinelle","description":"Quotidien national d&#039;information","publisher":{"@id":"https:\/\/lasentinelle.dz\/#organization"},"potentialAction":[{"@type":"SearchAction","target":{"@type":"EntryPoint","urlTemplate":"https:\/\/lasentinelle.dz\/?s={search_term_string}"},"query-input":{"@type":"PropertyValueSpecification","valueRequired":true,"valueName":"search_term_string"}}],"inLanguage":"fr-FR"},{"@type":"Organization","@id":"https:\/\/lasentinelle.dz\/#organization","name":"Quotidien La Sentinelle","url":"https:\/\/lasentinelle.dz\/","logo":{"@type":"ImageObject","inLanguage":"fr-FR","@id":"https:\/\/lasentinelle.dz\/#\/schema\/logo\/image\/","url":"https:\/\/lasentinelle.dz\/wp-content\/uploads\/2021\/09\/logo-sentinelleSLOGAN-1.png","contentUrl":"https:\/\/lasentinelle.dz\/wp-content\/uploads\/2021\/09\/logo-sentinelleSLOGAN-1.png","width":615,"height":142,"caption":"Quotidien La Sentinelle"},"image":{"@id":"https:\/\/lasentinelle.dz\/#\/schema\/logo\/image\/"},"sameAs":["https:\/\/www.facebook.com\/La-Sentinelle-104059864394773"]},{"@type":"Person","@id":"https:\/\/lasentinelle.dz\/#\/schema\/person\/d865044e22e70a75174ce8bcad3acfb3","name":"La Sentinelle","image":{"@type":"ImageObject","inLanguage":"fr-FR","@id":"https:\/\/secure.gravatar.com\/avatar\/57de8e5d4b15d43fb361a71fbb36338450fe67865b528a43dd10ef7c51a20392?s=96&d=mm&r=g","url":"https:\/\/secure.gravatar.com\/avatar\/57de8e5d4b15d43fb361a71fbb36338450fe67865b528a43dd10ef7c51a20392?s=96&d=mm&r=g","contentUrl":"https:\/\/secure.gravatar.com\/avatar\/57de8e5d4b15d43fb361a71fbb36338450fe67865b528a43dd10ef7c51a20392?s=96&d=mm&r=g","caption":"La Sentinelle"},"sameAs":["http:\/\/www.lasentinelle.dz"],"url":"https:\/\/lasentinelle.dz\/author\/redaction\/"}]}},"_links":{"self":[{"href":"https:\/\/lasentinelle.dz\/index.php\/wp-json\/wp\/v2\/posts\/9969","targetHints":{"allow":["GET"]}}],"collection":[{"href":"https:\/\/lasentinelle.dz\/index.php\/wp-json\/wp\/v2\/posts"}],"about":[{"href":"https:\/\/lasentinelle.dz\/index.php\/wp-json\/wp\/v2\/types\/post"}],"author":[{"embeddable":true,"href":"https:\/\/lasentinelle.dz\/index.php\/wp-json\/wp\/v2\/users\/3"}],"replies":[{"embeddable":true,"href":"https:\/\/lasentinelle.dz\/index.php\/wp-json\/wp\/v2\/comments?post=9969"}],"version-history":[{"count":1,"href":"https:\/\/lasentinelle.dz\/index.php\/wp-json\/wp\/v2\/posts\/9969\/revisions"}],"predecessor-version":[{"id":9974,"href":"https:\/\/lasentinelle.dz\/index.php\/wp-json\/wp\/v2\/posts\/9969\/revisions\/9974"}],"wp:featuredmedia":[{"embeddable":true,"href":"https:\/\/lasentinelle.dz\/index.php\/wp-json\/wp\/v2\/media\/9973"}],"wp:attachment":[{"href":"https:\/\/lasentinelle.dz\/index.php\/wp-json\/wp\/v2\/media?parent=9969"}],"wp:term":[{"taxonomy":"category","embeddable":true,"href":"https:\/\/lasentinelle.dz\/index.php\/wp-json\/wp\/v2\/categories?post=9969"},{"taxonomy":"post_tag","embeddable":true,"href":"https:\/\/lasentinelle.dz\/index.php\/wp-json\/wp\/v2\/tags?post=9969"}],"curies":[{"name":"wp","href":"https:\/\/api.w.org\/{rel}","templated":true}]}}